

{"id":8938,"date":"2022-01-21T12:12:11","date_gmt":"2022-01-21T17:12:11","guid":{"rendered":"https:\/\/reseaucompassionnetwork.ca\/?p=8938"},"modified":"2022-07-21T09:56:04","modified_gmt":"2022-07-21T13:56:04","slug":"un-temps-pour-reflechir-sur-les-espaces-de-guerison-axes-sur-la-reconciliation","status":"publish","type":"post","link":"https:\/\/reseaucompassionnetwork.ca\/fr\/un-temps-pour-reflechir-sur-les-espaces-de-guerison-axes-sur-la-reconciliation\/","title":{"rendered":"Un temps pour r\u00e9fl\u00e9chir sur les espaces de gu\u00e9rison ax\u00e9s sur la r\u00e9conciliation"},"content":{"rendered":"\n<p>Alors que Marymound se pr\u00e9pare \u00e0 accueillir sa conf\u00e9rence semestrielle les 15 et 16&nbsp;mars 2022, le th\u00e8me des espaces de gu\u00e9rison ax\u00e9e sur la r\u00e9conciliation n&rsquo;a jamais \u00e9t\u00e9 aussi important. Marymound a travaill\u00e9 avec diligence \u00e0 la cr\u00e9ation de ces espaces, mais reconna\u00eet que la r\u00e9conciliation est un processus et que tout le monde a encore beaucoup \u00e0 apprendre.<\/p>\n\n\n\n<p>\u00ab&nbsp;La conf\u00e9rence de cette ann\u00e9e \u00e9tait motiv\u00e9e par le fait que nous commencions \u00e0 nous engager dans la r\u00e9conciliation, explique Dawn Isaac, directrice du d\u00e9veloppement organisationnel et des services culturels de Marymound. Lors d\u2019une conf\u00e9rence pr\u00e9c\u00e9dente, un intervenant a \u00e9voqu\u00e9 l&rsquo;id\u00e9e d&rsquo;avoir un mod\u00e8le de gu\u00e9rison ax\u00e9e sur la r\u00e9conciliation, et nous savions que nous voulions approfondir cette id\u00e9e.&nbsp;\u00bb<\/p>\n\n\n\n<p>La conf\u00e9rence, intitul\u00e9e <em>Resilience &amp; Resurgence: Why Reconciled Healing Spaces are Essential to Healing<\/em>, repr\u00e9sente un moyen pour Marymound de continuer \u00e0 am\u00e9liorer sa compr\u00e9hension de la meilleure fa\u00e7on de servir et d&rsquo;accueillir les populations autochtones. \u00ab&nbsp;En tant qu&rsquo;organisation, nous avons explor\u00e9 comment nous pourrions utiliser une approche \u00e0 double perspective pour effectuer notre travail, poursuit Mme&nbsp;Issac. Cela signifie utiliser des mod\u00e8les de gu\u00e9rison occidentaux et autochtones traditionnels et comprendre qu&rsquo;ils ont une valeur \u00e9gale.&nbsp;\u00bb<\/p>\n\n\n\n<div class=\"wp-block-image\"><figure class=\"alignleft size-full is-resized\"><img loading=\"lazy\" decoding=\"async\" src=\"https:\/\/reseaucompassionnetwork.ca\/wp-content\/uploads\/2022\/01\/Dawn-Isaac.jpg\" alt=\"\" class=\"wp-image-8970\" width=\"229\" height=\"229\"\/><figcaption><meta charset=\"utf-8\"><em>Dawn Isaac, directrice du d\u00e9veloppement organisationnel et des services culturels de Marymound<\/em>.<\/figcaption><\/figure><\/div>\n\n\n\n<p>Bien que la conf\u00e9rence soit organis\u00e9e par Marymound, Mme&nbsp;Issac pense qu&rsquo;elle sera une exp\u00e9rience profonde pour toute personne travaillant dans le domaine de la sant\u00e9 et des services sociaux. \u00ab&nbsp;En \u00e9coutant ces conf\u00e9renciers et en d\u00e9couvrant le travail qu&rsquo;ils accomplissent dans leur domaine, vous pouvez commencer \u00e0 visualiser un processus dans votre propre environnement qui int\u00e8gre et privil\u00e9gie l&rsquo;inclusion et la d\u00e9colonisation des Autochtones. Nous esp\u00e9rons que vous r\u00e9fl\u00e9chirez aux structures dans lesquelles vous \u00e9voluez et \u00e0 ce que pourrait signifier la cr\u00e9ation d&rsquo;un espace ax\u00e9 sur la r\u00e9conciliation&nbsp;\u00bb, explique M<sup>me<\/sup>&nbsp;Isaac.<\/p>\n\n\n\n<p>La liste des conf\u00e9renciers refl\u00e8te un large \u00e9ventail de perspectives autochtones dans les services sociaux. Le Dr Jeffrey Ansloos est psychologue agr\u00e9\u00e9 et professeur adjoint en sant\u00e9 autochtone et en politique sociale \u00e0 l&rsquo;Institut d&rsquo;\u00e9tudes p\u00e9dagogiques de l&rsquo;Ontario de l&rsquo;Universit\u00e9 de Toronto. Mme&nbsp;Patricia McGuire est professeure anichinab\u00e9e \u00e0 l&rsquo;\u00e9cole de travail social de l&rsquo;Universit\u00e9 Carleton. Mme&nbsp;Cynthia Wesley-Esquimaux a \u00e9t\u00e9 vice-rectrice aux initiatives autochtones \u00e0 l&rsquo;Universit\u00e9 Lakehead de Thunder Bay pendant trois ans. Chaque conf\u00e9rencier partagera ses exp\u00e9riences personnelles et professionnelles dans le but d&rsquo;am\u00e9liorer la compr\u00e9hension des participants sur ce qui est possible.<\/p>\n\n\n\n<p>\u00ab&nbsp;Nous esp\u00e9rons vraiment que cette conf\u00e9rence donnera lieu \u00e0 des discussions significatives et \u00e0 un puissant sentiment d&rsquo;action pour chaque participant, conclut Mme Issac. M\u00eame s\u2019il s\u2019agit tout simplement d\u2019une id\u00e9e qui vous porte \u00e0 r\u00e9fl\u00e9chir, comme le sentiment du pouvoir que vous avez dans votre vie pour changer les choses, c&rsquo;est ce que nous visons.&nbsp;\u00bb<\/p>\n\n\n\n<p><em>Les billets pour la conf\u00e9rence sont offerts au tarif sp\u00e9cial de pr\u00e9inscription jusqu&rsquo;au 30&nbsp;janvier, et des tarifs de groupe sont \u00e9galement offerts. Pour en savoir plus sur la conf\u00e9rence et les modalit\u00e9s d&rsquo;inscription, <a href=\"https:\/\/www.marymound.com\/main\/resilience-resurgence-reconciled-healing-spaces-essential\/\">cliquez ici<\/a>. <\/em><\/p>\n","protected":false},"excerpt":{"rendered":"<p>Alors que Marymound se pr\u00e9pare \u00e0 accueillir sa conf\u00e9rence semestrielle les 15 et 16&nbsp;mars 2022, le th\u00e8me des espaces de gu\u00e9rison ax\u00e9e sur la r\u00e9conciliation n&rsquo;a jamais \u00e9t\u00e9 aussi important. Marymound a travaill\u00e9 avec diligence \u00e0 la cr\u00e9ation de ces espaces, mais reconna\u00eet que la r\u00e9conciliation est un processus et que tout le monde a&hellip; <a class=\"continue\" href=\"https:\/\/reseaucompassionnetwork.ca\/fr\/un-temps-pour-reflechir-sur-les-espaces-de-guerison-axes-sur-la-reconciliation\/\">Continue Reading<span> Un temps pour r\u00e9fl\u00e9chir sur les espaces de gu\u00e9rison ax\u00e9s sur la r\u00e9conciliation<\/span><\/a><\/p>\n","protected":false},"author":4,"featured_media":8940,"comment_status":"closed","ping_status":"open","sticky":false,"template":"","format":"standard","meta":{"_et_pb_use_builder":"off","_et_pb_old_content":"","_et_gb_content_width":"","_monsterinsights_skip_tracking":false,"_monsterinsights_sitenote_active":false,"_monsterinsights_sitenote_note":"","_monsterinsights_sitenote_category":0,"footnotes":""},"categories":[119],"tags":[],"class_list":["post-8938","post","type-post","status-publish","format-standard","has-post-thumbnail","hentry","category-marymound-fr"],"_links":{"self":[{"href":"https:\/\/reseaucompassionnetwork.ca\/fr\/wp-json\/wp\/v2\/posts\/8938","targetHints":{"allow":["GET"]}}],"collection":[{"href":"https:\/\/reseaucompassionnetwork.ca\/fr\/wp-json\/wp\/v2\/posts"}],"about":[{"href":"https:\/\/reseaucompassionnetwork.ca\/fr\/wp-json\/wp\/v2\/types\/post"}],"author":[{"embeddable":true,"href":"https:\/\/reseaucompassionnetwork.ca\/fr\/wp-json\/wp\/v2\/users\/4"}],"replies":[{"embeddable":true,"href":"https:\/\/reseaucompassionnetwork.ca\/fr\/wp-json\/wp\/v2\/comments?post=8938"}],"version-history":[{"count":3,"href":"https:\/\/reseaucompassionnetwork.ca\/fr\/wp-json\/wp\/v2\/posts\/8938\/revisions"}],"predecessor-version":[{"id":8973,"href":"https:\/\/reseaucompassionnetwork.ca\/fr\/wp-json\/wp\/v2\/posts\/8938\/revisions\/8973"}],"wp:featuredmedia":[{"embeddable":true,"href":"https:\/\/reseaucompassionnetwork.ca\/fr\/wp-json\/wp\/v2\/media\/8940"}],"wp:attachment":[{"href":"https:\/\/reseaucompassionnetwork.ca\/fr\/wp-json\/wp\/v2\/media?parent=8938"}],"wp:term":[{"taxonomy":"category","embeddable":true,"href":"https:\/\/reseaucompassionnetwork.ca\/fr\/wp-json\/wp\/v2\/categories?post=8938"},{"taxonomy":"post_tag","embeddable":true,"href":"https:\/\/reseaucompassionnetwork.ca\/fr\/wp-json\/wp\/v2\/tags?post=8938"}],"curies":[{"name":"wp","href":"https:\/\/api.w.org\/{rel}","templated":true}]}}