

{"id":8734,"date":"2021-10-29T13:23:26","date_gmt":"2021-10-29T17:23:26","guid":{"rendered":"https:\/\/reseaucompassionnetwork.ca\/?p=8734"},"modified":"2021-10-29T13:23:27","modified_gmt":"2021-10-29T17:23:27","slug":"celebrons-avec-sara-riel","status":"publish","type":"post","link":"https:\/\/reseaucompassionnetwork.ca\/fr\/celebrons-avec-sara-riel\/","title":{"rendered":"C\u00e9l\u00e9brons avec Sara Riel"},"content":{"rendered":"\n<p>Vous \u00eates invit\u00e9s \u00e0 vous joindre \u00e0 Sara Riel Inc. qui se r\u00e9unira le 4 novembre 2021 pour c\u00e9l\u00e9brer l&rsquo;h\u00e9ritage de S\u0153ur Jean Ell, qui a jou\u00e9 un r\u00f4le d\u00e9terminant dans leur succ\u00e8s et qui a r\u00e9cemment \u00e9t\u00e9 nomm\u00e9e pionni\u00e8re de Manitoba 150. Avec un repas fourni par Feast Caf\u00e9 Bistro et un divertissement assur\u00e9 par Jeannine Guyot, ce devrait \u00eatre un moment merveilleux pour tous.<\/p>\n\n\n\n<p>Pour acheter des billets pour cet \u00e9v\u00e9nement, veuillez <a href=\"https:\/\/interland3.donorperfect.net\/weblink\/weblink.aspx?name=E352015QE&amp;id=18\">cliquer ici<\/a>.<\/p>\n","protected":false},"excerpt":{"rendered":"<p>Vous \u00eates invit\u00e9s \u00e0 vous joindre \u00e0 Sara Riel Inc. qui se r\u00e9unira le 4 novembre 2021 pour c\u00e9l\u00e9brer l&rsquo;h\u00e9ritage de S\u0153ur Jean Ell, qui a jou\u00e9 un r\u00f4le d\u00e9terminant dans leur succ\u00e8s et qui a r\u00e9cemment \u00e9t\u00e9 nomm\u00e9e pionni\u00e8re de Manitoba 150. Avec un repas fourni par Feast Caf\u00e9 Bistro et un divertissement assur\u00e9&hellip; <a class=\"continue\" href=\"https:\/\/reseaucompassionnetwork.ca\/fr\/celebrons-avec-sara-riel\/\">Continue Reading<span> C\u00e9l\u00e9brons avec Sara Riel<\/span><\/a><\/p>\n","protected":false},"author":4,"featured_media":8730,"comment_status":"closed","ping_status":"open","sticky":false,"template":"","format":"standard","meta":{"_et_pb_use_builder":"off","_et_pb_old_content":"","_et_gb_content_width":"","_monsterinsights_skip_tracking":false,"_monsterinsights_sitenote_active":false,"_monsterinsights_sitenote_note":"","_monsterinsights_sitenote_category":0,"footnotes":""},"categories":[121],"tags":[],"class_list":["post-8734","post","type-post","status-publish","format-standard","has-post-thumbnail","hentry","category-sara-riel-fr"],"_links":{"self":[{"href":"https:\/\/reseaucompassionnetwork.ca\/fr\/wp-json\/wp\/v2\/posts\/8734","targetHints":{"allow":["GET"]}}],"collection":[{"href":"https:\/\/reseaucompassionnetwork.ca\/fr\/wp-json\/wp\/v2\/posts"}],"about":[{"href":"https:\/\/reseaucompassionnetwork.ca\/fr\/wp-json\/wp\/v2\/types\/post"}],"author":[{"embeddable":true,"href":"https:\/\/reseaucompassionnetwork.ca\/fr\/wp-json\/wp\/v2\/users\/4"}],"replies":[{"embeddable":true,"href":"https:\/\/reseaucompassionnetwork.ca\/fr\/wp-json\/wp\/v2\/comments?post=8734"}],"version-history":[{"count":1,"href":"https:\/\/reseaucompassionnetwork.ca\/fr\/wp-json\/wp\/v2\/posts\/8734\/revisions"}],"predecessor-version":[{"id":8735,"href":"https:\/\/reseaucompassionnetwork.ca\/fr\/wp-json\/wp\/v2\/posts\/8734\/revisions\/8735"}],"wp:featuredmedia":[{"embeddable":true,"href":"https:\/\/reseaucompassionnetwork.ca\/fr\/wp-json\/wp\/v2\/media\/8730"}],"wp:attachment":[{"href":"https:\/\/reseaucompassionnetwork.ca\/fr\/wp-json\/wp\/v2\/media?parent=8734"}],"wp:term":[{"taxonomy":"category","embeddable":true,"href":"https:\/\/reseaucompassionnetwork.ca\/fr\/wp-json\/wp\/v2\/categories?post=8734"},{"taxonomy":"post_tag","embeddable":true,"href":"https:\/\/reseaucompassionnetwork.ca\/fr\/wp-json\/wp\/v2\/tags?post=8734"}],"curies":[{"name":"wp","href":"https:\/\/api.w.org\/{rel}","templated":true}]}}