

{"id":8597,"date":"2021-09-22T12:18:50","date_gmt":"2021-09-22T16:18:50","guid":{"rendered":"https:\/\/reseaucompassionnetwork.ca\/?p=8597"},"modified":"2022-07-21T09:58:57","modified_gmt":"2022-07-21T13:58:57","slug":"au-revoir-martine","status":"publish","type":"post","link":"https:\/\/reseaucompassionnetwork.ca\/fr\/au-revoir-martine\/","title":{"rendered":"Au revoir, Martine !"},"content":{"rendered":"\n<p>Tout r\u00e9cemment, le conseil d\u2019administration de l\u2019H\u00f4pital Saint-Boniface a annonc\u00e9 que Martine Bouchard, leur pr\u00e9sidente-directrice g\u00e9n\u00e9rale, quittera son poste le 15 octobre 2021.<\/p>\n\n\n\n<p>Depuis trois ans, Martine Bouchard est aux commandes de l\u2019H\u00f4pital, poste qu\u2019elle a occup\u00e9 notamment durant la pand\u00e9mie de Covid-19. \u00ab&nbsp;Elle a toutes les comp\u00e9tences requises d\u2019une leader en sant\u00e9, mais c\u2019est sans doute sa compassion et son souci des gens qui m\u2019ont le plus marqu\u00e9&nbsp;\u00bb, raconte Daniel Lussier, pr\u00e9sident-directeur g\u00e9n\u00e9ral du R\u00e9seau Compassion Network. \u00ab&nbsp;Elle \u00e9tait engag\u00e9e envers son \u00e9quipe et l\u2019h\u00f4pital, mais elle se pr\u00e9occupait surtout des patients. Elle a contribu\u00e9 \u00e0 humaniser l\u2019h\u00f4pital&nbsp;\u00bb.<\/p>\n\n\n\n<p>Reconnue pour ses multiples communications au personnel, par biais des <em>Notes de Martine, <\/em>une infolettre \u00e9lectronique produite par son bureau, Martine Bouchard a offert des mises \u00e0 jour au sujet de la Covid-19, alors que le personnel \u00e9tait appel\u00e9 \u00e0 composer avec des situations de plus en plus complexes. \u00ab&nbsp;Elle a aussi g\u00e9r\u00e9 le projet imminent de r\u00e9novation de l\u2019urgence en plus de compl\u00e9ter le projet de r\u00e9novation de l\u2019aile psychiatrique, ce qui encore une fois, t\u00e9moigne de son engagement envers les patients&nbsp;\u00bb, ajoute Daniel Lussier.<\/p>\n\n\n\n<p>Bien que Martine et ses grandes qualit\u00e9s nous manqueront, l\u2019h\u00f4pital est entre bonnes mains. \u00ab&nbsp;J\u2019ai enti\u00e8rement confiance que le conseil d\u2019administration parviendra \u00e0 maintenir le cap et \u00e0 trouver un.e nouveau.elle pr\u00e9sident.e-direteur.trice g\u00e9n\u00e9ral.e&nbsp;\u00bb, affirme Daniel Lussier.<\/p>\n\n\n\n<p>Pour l\u2019heure, le poste sera occup\u00e9 par int\u00e9rim par Nicole Aminot, directrice des finances. \u00ab&nbsp;Nicole conna\u00eet bien notre communaut\u00e9 et l\u2019h\u00f4pital&nbsp;\u00bb, explique Daniel Lussier. \u00ab&nbsp;Sa pr\u00e9sence assure une continuit\u00e9 et nous sommes reconnaissants de l\u2019avoir \u00e0 la t\u00eate de l\u2019h\u00f4pital. Avec ses 12 ans au sein du conseil, elle est pr\u00eate \u00e0 occuper ce r\u00f4le pour desservir la communaut\u00e9 et les patients&nbsp;\u00bb.<\/p>\n\n\n\n<p>Au nom du R\u00e9seau Compassion Network, nous souhaitons la meilleure des chances \u00e0 Martine et tenons \u00e0 la remercier pour son leadership au cours des trois derni\u00e8res ann\u00e9es. Au revoir, Martine !<\/p>\n","protected":false},"excerpt":{"rendered":"<p>Tout r\u00e9cemment, le conseil d\u2019administration de l\u2019H\u00f4pital Saint-Boniface a annonc\u00e9 que Martine Bouchard, leur pr\u00e9sidente-directrice g\u00e9n\u00e9rale, quittera son poste le 15 octobre 2021. Depuis trois ans, Martine Bouchard est aux commandes de l\u2019H\u00f4pital, poste qu\u2019elle a occup\u00e9 notamment durant la pand\u00e9mie de Covid-19. \u00ab&nbsp;Elle a toutes les comp\u00e9tences requises d\u2019une leader en sant\u00e9, mais c\u2019est&hellip; <a class=\"continue\" href=\"https:\/\/reseaucompassionnetwork.ca\/fr\/au-revoir-martine\/\">Continue Reading<span> Au revoir, Martine !<\/span><\/a><\/p>\n","protected":false},"author":4,"featured_media":8630,"comment_status":"closed","ping_status":"open","sticky":false,"template":"","format":"standard","meta":{"_et_pb_use_builder":"off","_et_pb_old_content":"","_et_gb_content_width":"","_monsterinsights_skip_tracking":false,"_monsterinsights_sitenote_active":false,"_monsterinsights_sitenote_note":"","_monsterinsights_sitenote_category":0,"footnotes":""},"categories":[120],"tags":[],"class_list":["post-8597","post","type-post","status-publish","format-standard","has-post-thumbnail","hentry","category-stboniface-fr"],"_links":{"self":[{"href":"https:\/\/reseaucompassionnetwork.ca\/fr\/wp-json\/wp\/v2\/posts\/8597","targetHints":{"allow":["GET"]}}],"collection":[{"href":"https:\/\/reseaucompassionnetwork.ca\/fr\/wp-json\/wp\/v2\/posts"}],"about":[{"href":"https:\/\/reseaucompassionnetwork.ca\/fr\/wp-json\/wp\/v2\/types\/post"}],"author":[{"embeddable":true,"href":"https:\/\/reseaucompassionnetwork.ca\/fr\/wp-json\/wp\/v2\/users\/4"}],"replies":[{"embeddable":true,"href":"https:\/\/reseaucompassionnetwork.ca\/fr\/wp-json\/wp\/v2\/comments?post=8597"}],"version-history":[{"count":1,"href":"https:\/\/reseaucompassionnetwork.ca\/fr\/wp-json\/wp\/v2\/posts\/8597\/revisions"}],"predecessor-version":[{"id":8598,"href":"https:\/\/reseaucompassionnetwork.ca\/fr\/wp-json\/wp\/v2\/posts\/8597\/revisions\/8598"}],"wp:featuredmedia":[{"embeddable":true,"href":"https:\/\/reseaucompassionnetwork.ca\/fr\/wp-json\/wp\/v2\/media\/8630"}],"wp:attachment":[{"href":"https:\/\/reseaucompassionnetwork.ca\/fr\/wp-json\/wp\/v2\/media?parent=8597"}],"wp:term":[{"taxonomy":"category","embeddable":true,"href":"https:\/\/reseaucompassionnetwork.ca\/fr\/wp-json\/wp\/v2\/categories?post=8597"},{"taxonomy":"post_tag","embeddable":true,"href":"https:\/\/reseaucompassionnetwork.ca\/fr\/wp-json\/wp\/v2\/tags?post=8597"}],"curies":[{"name":"wp","href":"https:\/\/api.w.org\/{rel}","templated":true}]}}