

{"id":7547,"date":"2021-03-23T15:13:56","date_gmt":"2021-03-23T19:13:56","guid":{"rendered":"https:\/\/reseaucompassionnetwork.ca\/?p=7547"},"modified":"2022-07-21T10:05:53","modified_gmt":"2022-07-21T14:05:53","slug":"portrait-demploye-paul-vermette","status":"publish","type":"post","link":"https:\/\/reseaucompassionnetwork.ca\/fr\/portrait-demploye-paul-vermette\/","title":{"rendered":"Portrait d\u2019employ\u00e9 : Paul Vermette"},"content":{"rendered":"\n<p>La chose que Paul Vermette, directeur des initiatives strat\u00e9giques, pr\u00e9f\u00e8re de son travail, c\u2019est l\u2019occasion de collaborer \u00e0 des projets qui n\u00e9cessitent ses talents en r\u00e9solution de probl\u00e8mes. Quand les membres de notre r\u00e9seau \u00e9voquent la possibilit\u00e9 de r\u00e9pondre un besoin non-satisfait dans la communaut\u00e9, Paul rassemble les membres de l\u2019\u00e9quipe requis pour y parvenir. Lorsque nos membres ont besoin de soutien en ressources humaines ou en technologie de l\u2019information, Paul trouve les solutions. Quand nos membres ont d\u2019excellentes id\u00e9es, mais elles requi\u00e8rent du financement, Paul met sur pied nos subventions Inspiration et Exploration. \u00ab J\u2019ai l\u2019\u00e2me d\u2019un gestionnaire de projets. Je dis souvent que je fais un peu de tout, mais surtout, je contribue \u00e0 am\u00e9liorer la qualit\u00e9 de vie des gens \u00bb, raconte Paul.<\/p>\n\n\n\n<p>Durant la fin de semaine, Paul aime bien faire des projets de r\u00e9novation. \u00ab Je n\u2019ai jamais construit de maison, mais j\u2019ai entrepris tous les projets qu\u2019on retrouve dans une maison !&nbsp;\u00bb Chez lui, Paul a boug\u00e9 des murs, install\u00e9 des tuiles, il aime bien s\u2019essayer \u00e0 la charpenterie, et il a cr\u00e9\u00e9 sa propre rampe en \u00e9rable, dans les escaliers. \u00ab&nbsp;Au travail, je suis toujours devant un ordinateur et parfois, \u00e7a peut prendre des ann\u00e9es avant qu\u2019on voie les r\u00e9sultats&nbsp;\u00bb, dit Paul. \u00ab&nbsp;Les r\u00e9novations \u00e0 la maison, c\u2019est quelque chose qui me garde actif et on peut voir les r\u00e9sultats en quelques mois&nbsp;\u00bb.<\/p>\n","protected":false},"excerpt":{"rendered":"<p>La chose que Paul Vermette, directeur des initiatives strat\u00e9giques, pr\u00e9f\u00e8re de son travail, c\u2019est l\u2019occasion de collaborer \u00e0 des projets qui n\u00e9cessitent ses talents en r\u00e9solution de probl\u00e8mes. Quand les membres de notre r\u00e9seau \u00e9voquent la possibilit\u00e9 de r\u00e9pondre un besoin non-satisfait dans la communaut\u00e9, Paul rassemble les membres de l\u2019\u00e9quipe requis pour y parvenir.&hellip; <a class=\"continue\" href=\"https:\/\/reseaucompassionnetwork.ca\/fr\/portrait-demploye-paul-vermette\/\">Continue Reading<span> Portrait d\u2019employ\u00e9 : Paul Vermette<\/span><\/a><\/p>\n","protected":false},"author":4,"featured_media":7545,"comment_status":"closed","ping_status":"open","sticky":false,"template":"","format":"standard","meta":{"_et_pb_use_builder":"off","_et_pb_old_content":"","_et_gb_content_width":"","_monsterinsights_skip_tracking":false,"_monsterinsights_sitenote_active":false,"_monsterinsights_sitenote_note":"","_monsterinsights_sitenote_category":0,"footnotes":""},"categories":[78],"tags":[],"class_list":["post-7547","post","type-post","status-publish","format-standard","has-post-thumbnail","hentry","category-profils"],"_links":{"self":[{"href":"https:\/\/reseaucompassionnetwork.ca\/fr\/wp-json\/wp\/v2\/posts\/7547","targetHints":{"allow":["GET"]}}],"collection":[{"href":"https:\/\/reseaucompassionnetwork.ca\/fr\/wp-json\/wp\/v2\/posts"}],"about":[{"href":"https:\/\/reseaucompassionnetwork.ca\/fr\/wp-json\/wp\/v2\/types\/post"}],"author":[{"embeddable":true,"href":"https:\/\/reseaucompassionnetwork.ca\/fr\/wp-json\/wp\/v2\/users\/4"}],"replies":[{"embeddable":true,"href":"https:\/\/reseaucompassionnetwork.ca\/fr\/wp-json\/wp\/v2\/comments?post=7547"}],"version-history":[{"count":1,"href":"https:\/\/reseaucompassionnetwork.ca\/fr\/wp-json\/wp\/v2\/posts\/7547\/revisions"}],"predecessor-version":[{"id":7548,"href":"https:\/\/reseaucompassionnetwork.ca\/fr\/wp-json\/wp\/v2\/posts\/7547\/revisions\/7548"}],"wp:featuredmedia":[{"embeddable":true,"href":"https:\/\/reseaucompassionnetwork.ca\/fr\/wp-json\/wp\/v2\/media\/7545"}],"wp:attachment":[{"href":"https:\/\/reseaucompassionnetwork.ca\/fr\/wp-json\/wp\/v2\/media?parent=7547"}],"wp:term":[{"taxonomy":"category","embeddable":true,"href":"https:\/\/reseaucompassionnetwork.ca\/fr\/wp-json\/wp\/v2\/categories?post=7547"},{"taxonomy":"post_tag","embeddable":true,"href":"https:\/\/reseaucompassionnetwork.ca\/fr\/wp-json\/wp\/v2\/tags?post=7547"}],"curies":[{"name":"wp","href":"https:\/\/api.w.org\/{rel}","templated":true}]}}