

{"id":6878,"date":"2020-11-26T12:09:23","date_gmt":"2020-11-26T17:09:23","guid":{"rendered":"https:\/\/reseaucompassionnetwork.ca\/?p=6878"},"modified":"2022-07-21T10:08:59","modified_gmt":"2022-07-21T14:08:59","slug":"message-de-daniel-novembre-2020","status":"publish","type":"post","link":"https:\/\/reseaucompassionnetwork.ca\/fr\/message-de-daniel-novembre-2020\/","title":{"rendered":"Message de Daniel | Novembre 2020"},"content":{"rendered":"\n<p>Alors que nous approchons de la fin de l\u2019ann\u00e9e 2020, quelques lumi\u00e8res scintillent malgr\u00e9 la fragilit\u00e9 de la situation de la Covid-19. Les vaccins qui pourraient \u00eatre disponibles en d\u00e9but 2021 nous donnent espoir qu\u2019en continuant \u00e0 \u0153uvrer avec caution, un renouveau pourrait \u00eatre possible. Malgr\u00e9 cela, je r\u00e9fl\u00e9chis aux d\u00e9couvertes que nous avons faites durant ces temps difficiles. Certaines trouvailles vaudraient la peine de cultiver \u00e0 l\u2019avenir.&nbsp;<\/p>\n\n\n\n<p>J\u2019ai bon espoir que nous continuerons \u00e0 mettre en lumi\u00e8re des in\u00e9galit\u00e9s et l\u2019importance d\u2019investir dans une \u00e9conomie de bienfaisance et dans nos syst\u00e8mes d\u2019\u00e9ducation. J\u2019ai espoir que nous reb\u00e2tirons notre \u00e9conomie de mani\u00e8re plus inclusive afin d\u2019en faire profiter une majorit\u00e9. J\u2019ai espoir qu\u2019on se souvienne des mani\u00e8res dont les travailleurs ont offert leur soutien dans le cadre de leurs fonctions et l\u2019\u00e9cart entre leur nature essentielle et leur salaire.<\/p>\n\n\n\n<p>J\u2019ai espoir qu\u2019on se souvienne toujours de l\u2019importance des contacts humains, que nous sommes ensemble dans cette grande aventure et que nous avons besoin l\u2019un de l\u2019autre pour atteindre notre v\u00e9ritable potentiel. J\u2019ai espoir que nous continuerons \u00e0 tendre la main vers ceux qui sont isol\u00e9s ou seuls, tout particuli\u00e8rement ceux qui sont vuln\u00e9rables. J\u2019ai espoir que ce sentiment de communaut\u00e9 qui est omnipr\u00e9sent aujourd\u2019hui puisse grandir davantage alors que nous faisons notre part pour assurer la s\u00e9curit\u00e9 de chacun.<\/p>\n\n\n\n<p>Et maintenant, je tiens \u00e0 vous remercier tous du travail que vous faites pour tenter de contenir ce virus au sein de nos communaut\u00e9s. Vos efforts et sacrifices contribuent \u00e0 maintenir en sant\u00e9 des \u00eatres chers, les travailleurs de premi\u00e8re ligne et notre syst\u00e8me qui continue d\u2019offrir des services \u00e0 ceux qui en ont besoin.<\/p>\n\n\n\n<p>Tous mes voeux \u00e0 vous,<\/p>\n\n\n\n<p><\/p>\n\n\n\n<p>Daniel Lussier<\/p>\n","protected":false},"excerpt":{"rendered":"<p>Alors que nous approchons de la fin de l\u2019ann\u00e9e 2020, quelques lumi\u00e8res scintillent malgr\u00e9 la fragilit\u00e9 de la situation de la Covid-19. Les vaccins qui pourraient \u00eatre disponibles en d\u00e9but 2021 nous donnent espoir qu\u2019en continuant \u00e0 \u0153uvrer avec caution, un renouveau pourrait \u00eatre possible. Malgr\u00e9 cela, je r\u00e9fl\u00e9chis aux d\u00e9couvertes que nous avons faites&hellip; <a class=\"continue\" href=\"https:\/\/reseaucompassionnetwork.ca\/fr\/message-de-daniel-novembre-2020\/\">Continue Reading<span> Message de Daniel | Novembre 2020<\/span><\/a><\/p>\n","protected":false},"author":4,"featured_media":6272,"comment_status":"closed","ping_status":"open","sticky":false,"template":"","format":"standard","meta":{"_et_pb_use_builder":"off","_et_pb_old_content":"","_et_gb_content_width":"","_monsterinsights_skip_tracking":false,"_monsterinsights_sitenote_active":false,"_monsterinsights_sitenote_note":"","_monsterinsights_sitenote_category":0,"footnotes":""},"categories":[131],"tags":[],"class_list":["post-6878","post","type-post","status-publish","format-standard","has-post-thumbnail","hentry","category-le-mot-du-coeur"],"_links":{"self":[{"href":"https:\/\/reseaucompassionnetwork.ca\/fr\/wp-json\/wp\/v2\/posts\/6878","targetHints":{"allow":["GET"]}}],"collection":[{"href":"https:\/\/reseaucompassionnetwork.ca\/fr\/wp-json\/wp\/v2\/posts"}],"about":[{"href":"https:\/\/reseaucompassionnetwork.ca\/fr\/wp-json\/wp\/v2\/types\/post"}],"author":[{"embeddable":true,"href":"https:\/\/reseaucompassionnetwork.ca\/fr\/wp-json\/wp\/v2\/users\/4"}],"replies":[{"embeddable":true,"href":"https:\/\/reseaucompassionnetwork.ca\/fr\/wp-json\/wp\/v2\/comments?post=6878"}],"version-history":[{"count":1,"href":"https:\/\/reseaucompassionnetwork.ca\/fr\/wp-json\/wp\/v2\/posts\/6878\/revisions"}],"predecessor-version":[{"id":6879,"href":"https:\/\/reseaucompassionnetwork.ca\/fr\/wp-json\/wp\/v2\/posts\/6878\/revisions\/6879"}],"wp:featuredmedia":[{"embeddable":true,"href":"https:\/\/reseaucompassionnetwork.ca\/fr\/wp-json\/wp\/v2\/media\/6272"}],"wp:attachment":[{"href":"https:\/\/reseaucompassionnetwork.ca\/fr\/wp-json\/wp\/v2\/media?parent=6878"}],"wp:term":[{"taxonomy":"category","embeddable":true,"href":"https:\/\/reseaucompassionnetwork.ca\/fr\/wp-json\/wp\/v2\/categories?post=6878"},{"taxonomy":"post_tag","embeddable":true,"href":"https:\/\/reseaucompassionnetwork.ca\/fr\/wp-json\/wp\/v2\/tags?post=6878"}],"curies":[{"name":"wp","href":"https:\/\/api.w.org\/{rel}","templated":true}]}}