

{"id":23489,"date":"2026-04-30T09:07:43","date_gmt":"2026-04-30T14:07:43","guid":{"rendered":"https:\/\/reseaucompassionnetwork.ca\/?p=23489"},"modified":"2026-04-30T11:12:03","modified_gmt":"2026-04-30T16:12:03","slug":"introducing-our-indigenous-advisory-council","status":"publish","type":"post","link":"https:\/\/reseaucompassionnetwork.ca\/fr\/introducing-our-indigenous-advisory-council\/","title":{"rendered":"D\u00e9couvrez notre Conseil consultatif autochtone"},"content":{"rendered":"\n<p>R\u00e9seau Compassion Network s\u2019engage sur la voie de la r\u00e9conciliation, et l\u2019un des principes fondamentaux qui guident notre d\u00e9marche est celui que les peuples autochtones revendiquent \u00e0 juste titre : rien pour nous sans nous.<\/p>\n\n\n\n<p>Nous avons la chance de b\u00e9n\u00e9ficier du soutien, des conseils et des contributions diverses de notre cercle consultatif autochtone, un groupe de 12 personnes qui partagent leur temps, leurs perspectives et leurs connaissances avec nous, alors que nous nous effor\u00e7ons de cr\u00e9er un r\u00e9seau o\u00f9 le sentiment d\u2019appartenance, la s\u00e9curit\u00e9 et le respect de toutes les pratiques culturelles sont au c\u0153ur de nos actions.<\/p>\n\n\n\n<p>Faites connaissance avec les trois premiers membres de notre cercle consultatif autochtone:<\/p>\n\n\n\n<p><strong>Tr\u00e9chelle Bunn<\/strong><\/p>\n\n\n\n<p>\u00c0 seulement 25 ans, la cheffe Tr\u00e9chelle Bunn est la premi\u00e8re femme et la plus jeune personne jamais \u00e9lue cheffe de la Nation Dakota de Birdtail Sioux, ainsi que l\u2019une des plus jeunes cheffes en fonction au Canada.<\/p>\n\n\n\n<figure class=\"wp-block-image alignleft size-full is-resized\"><img loading=\"lazy\" decoding=\"async\" width=\"300\" height=\"300\" src=\"https:\/\/reseaucompassionnetwork.ca\/wp-content\/uploads\/2026\/04\/3-1.png\" alt=\"\" class=\"wp-image-23490\" style=\"width:163px;height:auto\" srcset=\"https:\/\/reseaucompassionnetwork.ca\/wp-content\/uploads\/2026\/04\/3-1.png 300w, https:\/\/reseaucompassionnetwork.ca\/wp-content\/uploads\/2026\/04\/3-1-150x150.png 150w\" sizes=\"(max-width: 300px) 100vw, 300px\" \/><\/figure>\n\n\n\n<p>Elle a obtenu, avec distinction, un baccalaur\u00e9at en criminologie avec une mineure en \u00e9tudes autochtones de l\u2019Universit\u00e9 du Manitoba, et poursuit actuellement des \u00e9tudes en droit \u00e0 la facult\u00e9 de droit Robson Hall de cette m\u00eame universit\u00e9.<\/p>\n\n\n\n<p>Militante engag\u00e9e pour les droits des peuples autochtones et l\u2019autonomisation des jeunes, la cheffe Bunn a pris la parole sur des sc\u00e8nes provinciales, nationales et internationales, notamment aux Nations Unies. Elle est la fondatrice du <em>Reconciliation Run<\/em>, le premier demi-marathon de la Journ\u00e9e nationale de la v\u00e9rit\u00e9 et de la r\u00e9conciliation au Canada. Ancienne joueuse de hockey universitaire, elle a \u00e9galement cr\u00e9\u00e9 la premi\u00e8re bourse destin\u00e9e aux \u00e9tudiant\u00b7e\u00b7s-athl\u00e8tes autochtones \u00e0 l\u2019Universit\u00e9 du Manitoba.<\/p>\n\n\n\n<p>La cheffe Bunn a r\u00e9cemment \u00e9t\u00e9 nomm\u00e9e au tout premier Cercle consultatif autochtone de Hockey Canada, charg\u00e9 d\u2019orienter les efforts de l\u2019organisation pour faire progresser les appels \u00e0 l\u2019action de la Commission de v\u00e9rit\u00e9 et r\u00e9conciliation dans le sport (#87\u201391).<\/p>\n\n\n\n<p>Son leadership et son engagement ont \u00e9t\u00e9 reconnus par de nombreux honneurs, dont le Prix jeunesse des Premi\u00e8res Nations <em>Indspire<\/em>, la M\u00e9daille du couronnement du roi Charles III, le prix Future 40 de CBC Manitoba, ainsi que le prix des jeunes dipl\u00f4m\u00e9\u00b7e\u00b7s remarquables de l\u2019Universit\u00e9 du Manitoba.<\/p>\n\n\n\n<p><strong>Joseph Thompson<\/strong><\/p>\n\n\n\n<p>Joseph est originaire de Duck Bay, au Manitoba, et est un fier membre de la bande Anishinaabek Minegoziibe. Il a obtenu un dipl\u00f4me en administration des affaires du Red River College en 1989.<\/p>\n\n\n\n<figure class=\"wp-block-image alignleft size-full is-resized\"><img loading=\"lazy\" decoding=\"async\" width=\"300\" height=\"300\" src=\"https:\/\/reseaucompassionnetwork.ca\/wp-content\/uploads\/2026\/04\/1-1.png\" alt=\"\" class=\"wp-image-23492\" style=\"width:168px;height:auto\" srcset=\"https:\/\/reseaucompassionnetwork.ca\/wp-content\/uploads\/2026\/04\/1-1.png 300w, https:\/\/reseaucompassionnetwork.ca\/wp-content\/uploads\/2026\/04\/1-1-150x150.png 150w\" sizes=\"(max-width: 300px) 100vw, 300px\" \/><\/figure>\n\n\n\n<p>Au cours des 30 derni\u00e8res ann\u00e9es, il a travaill\u00e9 tant dans le secteur priv\u00e9 que dans la fonction publique, et se consid\u00e8re comme un agent de changement. Il croit que l\u2019implication est essentielle pour faire \u00e9voluer les choses et que la contribution des employ\u00e9\u00b7e\u00b7s, m\u00eame dans les conversations difficiles, est cruciale pour permettre aux employeurs d\u2019\u00e9couter et d\u2019agir.<\/p>\n\n\n\n<p>Il \u0153uvre depuis plus de 30 ans dans les domaines de l\u2019\u00e9quit\u00e9 en emploi et de la diversit\u00e9, et a toujours \u00e9t\u00e9 un fervent d\u00e9fenseur de l\u2019\u00e9galit\u00e9. Il poss\u00e8de une solide exp\u00e9rience en gestion et en service \u00e0 la client\u00e8le, ainsi qu\u2019une expertise en emploi autochtone, avec des comp\u00e9tences \u00e9prouv\u00e9es en leadership, en planification et en mise en \u0153uvre de projets d\u2019envergure.<\/p>\n\n\n\n<p>Son engagement communautaire, que ce soit au sein de conseils ou de comit\u00e9s, lui a \u00e9t\u00e9 tr\u00e8s enrichissant. Il si\u00e8ge actuellement aux conseils de l\u2019H\u00f4pital Saint-Boniface et du festival Manito Ahbee.<\/p>\n\n\n\n<p>Joe a \u00e9galement particip\u00e9 \u00e0 des examens syst\u00e9miques portant sur l\u2019emploi autochtone, la sensibilisation culturelle, la r\u00e9solution de conflits, les droits de la personne, le recrutement, la r\u00e9tention ainsi que la v\u00e9rit\u00e9 et la r\u00e9conciliation.<\/p>\n\n\n\n<p>Depuis 20 ans, il approfondit ses connaissances des cultures et traditions, et est \u00e9galement danseur traditionnel. Il agit actuellement comme gardien du savoir dans un \u00e9tablissement d\u2019enseignement \u00e0 Winnipeg.<\/p>\n\n\n\n<p>Survivant de la rafle des ann\u00e9es 1960, il comprend profond\u00e9ment les impacts du placement en famille d\u2019accueil. Il est lui-m\u00eame parent d\u2019accueil depuis 14 ans, dans l\u2019espoir de faire une diff\u00e9rence dans la vie de ces enfants.<\/p>\n\n\n\n<p>Il est \u00e9galement impliqu\u00e9 dans un projet entrepreneurial appel\u00e9 <em>Turtle Island<\/em>, qui vise \u00e0 enseigner l\u2019histoire v\u00e9ritable des peuples autochtones, racont\u00e9e par des Autochtones. Il travaille actuellement sur plusieurs contrats en ressources humaines visant \u00e0 aider les employeurs \u00e0 r\u00e9ussir l\u2019embauche et la r\u00e9tention de personnes autochtones, ainsi qu\u2019\u00e0 d\u00e9velopper des strat\u00e9gies align\u00e9es avec leurs objectifs et leur mission.<\/p>\n\n\n\n<p><strong>Shelley Cook<\/strong><\/p>\n\n\n\n<p>Shelley Cook est une kwe Anishinaabek et une fi\u00e8re membre de la Nation Ojibway de Brokenhead. Elle vit et travaille \u00e0 Winnipeg, au Manitoba, sur le territoire du Trait\u00e9 no 1. Elle est gestionnaire de programme, Relations autochtones, \u00e0 la R\u00e9gie des alcools et des jeux du Manitoba, o\u00f9 elle se consacre \u00e0 l\u2019\u00e9tablissement de relations significatives avec les communaut\u00e9s autochtones et \u00e0 l\u2019avancement de la r\u00e9conciliation au sein de l\u2019organisation.<\/p>\n\n\n\n<figure class=\"wp-block-image alignleft size-full is-resized\"><img loading=\"lazy\" decoding=\"async\" width=\"300\" height=\"300\" src=\"https:\/\/reseaucompassionnetwork.ca\/wp-content\/uploads\/2026\/04\/2-1.png\" alt=\"\" class=\"wp-image-23494\" style=\"width:170px;height:auto\" srcset=\"https:\/\/reseaucompassionnetwork.ca\/wp-content\/uploads\/2026\/04\/2-1.png 300w, https:\/\/reseaucompassionnetwork.ca\/wp-content\/uploads\/2026\/04\/2-1-150x150.png 150w\" sizes=\"(max-width: 300px) 100vw, 300px\" \/><\/figure>\n\n\n\n<p>Forte d\u2019une exp\u00e9rience en communications, Shelley est passionn\u00e9e par le r\u00e9cit, l\u2019apprentissage et la cr\u00e9ation d\u2019espaces favorisant des conversations honn\u00eates. Son travail repose sur le respect, la r\u00e9ciprocit\u00e9, les relations, la communaut\u00e9 et un engagement profond envers les voix, les savoirs et l\u2019autod\u00e9termination des peuples autochtones.<\/p>\n\n\n\n<p>Shelley est honor\u00e9e de si\u00e9ger au cercle consultatif autochtone du R\u00e9seau Compassion Network. Elle participe \u00e9galement activement \u00e0 plusieurs r\u00f4les consultatifs et de gouvernance, notamment au cercle consultatif autochtone de la R\u00e9gie des alcools et des jeux du Manitoba, \u00e0 celui de la Division scolaire St. James-Assiniboia, au tout premier cercle consultatif autochtone de <em>The Forks<\/em>, au cercle consultatif autochtone de Manufacturiers et Exportateurs du Canada (MEC), ainsi qu\u2019au conseil d\u2019administration de <em>Neeginan Education, Training and Employment Services<\/em> (NETES).<\/p>\n\n\n\n<p>En dehors de son travail, Shelley est m\u00e8re et belle-m\u00e8re de trois enfants.r work, Shelley is a mom and stepmom to three children.<\/p>\n","protected":false},"excerpt":{"rendered":"<p>R\u00e9seau Compassion Network s\u2019engage sur la voie de la r\u00e9conciliation, et l\u2019un des principes fondamentaux qui guident notre d\u00e9marche est celui que les peuples autochtones revendiquent \u00e0 juste titre : rien pour nous sans nous. Nous avons la chance de b\u00e9n\u00e9ficier du soutien, des conseils et des contributions diverses de notre cercle consultatif autochtone, un&hellip; <a class=\"continue\" href=\"https:\/\/reseaucompassionnetwork.ca\/fr\/introducing-our-indigenous-advisory-council\/\">Continue Reading<span> D\u00e9couvrez notre Conseil consultatif autochtone<\/span><\/a><\/p>\n","protected":false},"author":4,"featured_media":23516,"comment_status":"closed","ping_status":"closed","sticky":false,"template":"","format":"standard","meta":{"_et_pb_use_builder":"","_et_pb_old_content":"","_et_gb_content_width":"","_monsterinsights_skip_tracking":false,"_monsterinsights_sitenote_active":false,"_monsterinsights_sitenote_note":"","_monsterinsights_sitenote_category":0,"footnotes":""},"categories":[79],"tags":[],"class_list":["post-23489","post","type-post","status-publish","format-standard","has-post-thumbnail","hentry","category-initiatives-et-projets"],"_links":{"self":[{"href":"https:\/\/reseaucompassionnetwork.ca\/fr\/wp-json\/wp\/v2\/posts\/23489","targetHints":{"allow":["GET"]}}],"collection":[{"href":"https:\/\/reseaucompassionnetwork.ca\/fr\/wp-json\/wp\/v2\/posts"}],"about":[{"href":"https:\/\/reseaucompassionnetwork.ca\/fr\/wp-json\/wp\/v2\/types\/post"}],"author":[{"embeddable":true,"href":"https:\/\/reseaucompassionnetwork.ca\/fr\/wp-json\/wp\/v2\/users\/4"}],"replies":[{"embeddable":true,"href":"https:\/\/reseaucompassionnetwork.ca\/fr\/wp-json\/wp\/v2\/comments?post=23489"}],"version-history":[{"count":2,"href":"https:\/\/reseaucompassionnetwork.ca\/fr\/wp-json\/wp\/v2\/posts\/23489\/revisions"}],"predecessor-version":[{"id":23499,"href":"https:\/\/reseaucompassionnetwork.ca\/fr\/wp-json\/wp\/v2\/posts\/23489\/revisions\/23499"}],"wp:featuredmedia":[{"embeddable":true,"href":"https:\/\/reseaucompassionnetwork.ca\/fr\/wp-json\/wp\/v2\/media\/23516"}],"wp:attachment":[{"href":"https:\/\/reseaucompassionnetwork.ca\/fr\/wp-json\/wp\/v2\/media?parent=23489"}],"wp:term":[{"taxonomy":"category","embeddable":true,"href":"https:\/\/reseaucompassionnetwork.ca\/fr\/wp-json\/wp\/v2\/categories?post=23489"},{"taxonomy":"post_tag","embeddable":true,"href":"https:\/\/reseaucompassionnetwork.ca\/fr\/wp-json\/wp\/v2\/tags?post=23489"}],"curies":[{"name":"wp","href":"https:\/\/api.w.org\/{rel}","templated":true}]}}