

{"id":23482,"date":"2026-04-30T08:53:58","date_gmt":"2026-04-30T13:53:58","guid":{"rendered":"https:\/\/reseaucompassionnetwork.ca\/?p=23482"},"modified":"2026-04-30T10:43:20","modified_gmt":"2026-04-30T15:43:20","slug":"mot-du-coeur-9","status":"publish","type":"post","link":"https:\/\/reseaucompassionnetwork.ca\/fr\/mot-du-coeur-9\/","title":{"rendered":"Mot du c\u0153ur"},"content":{"rendered":"\n<p>J&rsquo;ai pass\u00e9 une grande partie de ma carri\u00e8re dans les domaines de la communication et de la justice sociale, et il en faut beaucoup pour me surprendre ou me choquer. Lorsque j&rsquo;ai commenc\u00e9 \u00e0 parcourir les actualit\u00e9s le 14 avril, j&rsquo;ai \u00e9t\u00e9 interpell\u00e9e par une statistique qui faisait la une.<\/p>\n\n\n\n<p>Au 31 mars 2026, <a href=\"https:\/\/www.la-liberte.ca\/2026\/04\/14\/des-donnees-revelent-une-augmentation-alarmante-de-litinerance-chronique\/\">8 248 personnes \u00e9taient sans domicile fixe \u00e0 Winnipeg<\/a>. \u00c0 la m\u00eame p\u00e9riode l&rsquo;ann\u00e9e derni\u00e8re, elles \u00e9taient 5 698, ce qui repr\u00e9sente une augmentation de 45 % du nombre de personnes qui ne parviennent pas \u00e0 trouver un logement stable, s\u00fbr et abordable.<\/p>\n\n\n\n<p>Imaginez que toute la population de La Broquerie se r\u00e9veille demain sans abri. Ou toute la ville de Dauphin. Imaginez comment nous nous mobiliserions, mettrions en place des refuges, des programmes et des services d\u00e8s que possible. Et pourtant, \u00e0 Winnipeg, autour des tables, pendant les pauses caf\u00e9 et sur les r\u00e9seaux sociaux, nous d\u00e9battons de la mani\u00e8re dont nous devrions aider, et certains se demandent m\u00eame si nous devrions aider!<\/p>\n\n\n\n<p>L\u2019inhumanit\u00e9 de cette situation me coupe le souffle. L\u2019itin\u00e9rance se situe \u00e0 la crois\u00e9e de l\u2019acc\u00e8s au logement, de la sant\u00e9 mentale, des traumatismes, de la pauvret\u00e9, du colonialisme et des lacunes syst\u00e9miques qui existent depuis des g\u00e9n\u00e9rations. Si vous n\u2019avez jamais \u00e9t\u00e9 confront\u00e9 \u00e0 cette r\u00e9alit\u00e9, il peut \u00eatre difficile de saisir pleinement le poids de ce que ces personnes portent chaque jour : l\u2019instabilit\u00e9, l\u2019\u00e9puisement, la perte de s\u00e9curit\u00e9 et de dignit\u00e9.<\/p>\n\n\n\n<p>Nos syst\u00e8mes de sant\u00e9 et de services sociaux ont \u00e9t\u00e9 mis en place selon un mod\u00e8le colonial : ils fonctionnent sur la base de budgets, de contrats d\u2019achat de services et d\u2019effectifs. Il y a de nombreuses ann\u00e9es, lors d\u2019une conf\u00e9rence de l\u2019Alliance catholique de la sant\u00e9 du Canada, j\u2019ai demand\u00e9 \u00e0 Niigaan Sinclair, \u00e9crivain, \u00e9diteur, professeur et militant Anishinaabek, \u00e0 quoi ressemblerait un mod\u00e8le de soins de sant\u00e9 fond\u00e9 sur la r\u00e9conciliation. Sa r\u00e9ponse : \u00ab Un endroit o\u00f9 nous avons le temps de nous asseoir et d\u2019apprendre \u00e0 nous conna\u00eetre, o\u00f9 nous pouvons prendre soin les uns des autres en tant qu\u2019\u00eatres humains. \u00bb<\/p>\n\n\n\n<p>Je lui ai r\u00e9pondu que les centaines de responsables des services de sant\u00e9 et des services sociaux pr\u00e9sents dans la salle le souhaitaient aussi. Personne travaillant dans le syst\u00e8me ne veut du syst\u00e8me que nous avons ; tous prendraient plus de temps pour \u00eatre humains, pour cr\u00e9er des liens, pour \u00eatre davantage aupr\u00e8s des personnes qui souffrent.<\/p>\n\n\n\n<p>Les jours o\u00f9 tout semble un peu d\u00e9sesp\u00e9r\u00e9, un peu d\u00e9shumanisant, je me rappelle ceci : notre d\u00e9sir de prendre soin des autres est plus fort que notre envie d\u2019abandonner un syst\u00e8me qui ne r\u00e9pond pas \u00e0 nos besoins.<\/p>\n\n\n\n<p>Je regarde les membres du Cercle consultatif autochtone qui ont invit\u00e9 des membres du personnel et du conseil d\u2019administration de RCN \u00e0 une c\u00e9r\u00e9monie le mois dernier : beaucoup peuvent admettre que lorsqu\u2019ils ont \u00e9t\u00e9 approch\u00e9s pour la premi\u00e8re fois par une organisation catholique, tous leurs instincts leur disaient de refuser. Ils ont choisi la curiosit\u00e9 plut\u00f4t que le jugement, ils ont choisi de nouer des relations, et ils savent que m\u00eame si nous ne sommes pas parfaits, nous sommes des alli\u00e9s sinc\u00e8res et honn\u00eates. On nous a offert un magnifique nom spirituel qui raconte cette histoire, un cadeau plein de gr\u00e2ce, de pardon et d\u2019espoir. Veuillez cliquer ici pour lire l\u2019histoire de ce nom racont\u00e9e par Grand-m\u00e8re Helen Robinson-Settee.<\/p>\n\n\n\n<p>Je pense \u00e0 tous les membres du personnel de ce r\u00e9seau qui, un jour ou l\u2019autre, sont rest\u00e9s \u00e9veill\u00e9s la nuit \u00e0 se demander ce qu\u2019il adviendrait d\u2019une personne dont ils avaient la charge, et cela me rappelle que tant que nous ne nous abandonnons pas les uns les autres, nous avons encore de l\u2019espoir.<\/p>\n\n\n\n<p>8 248 personnes viennent de passer l\u2019hiver \u00e0 Winnipeg sans savoir o\u00f9 elles trouveraient un lit pour la nuit suivante. Au sein des organisations du R\u00e9seau Compassion Network, c\u2019est \u00e0 peu pr\u00e8s ce nombre de personnes qui se pr\u00e9sentent chaque jour au travail, en tant qu\u2019administrateurs, travailleurs sociaux, infirmier.i\u00e8re.s, personnel de cuisine, personnel d\u2019entretien et bien d\u2019autres, tous avec pour objectif d\u2019accompagner ceux et celles qui sont dans le besoin. \u00c0 travers des services de soutien en mati\u00e8re de toxicomanie et de sant\u00e9 mentale, des programmes d\u2019acc\u00e8s au logement, de soins de sant\u00e9 aigus et de sant\u00e9 publique, nos organisations \u0153uvrent pour un monde o\u00f9 personne n\u2019est laiss\u00e9 pour compte.<\/p>\n\n\n\n<p>Le chemin est encore long pour nous, en tant que peuples signataires de trait\u00e9s, et pour nos organisations \u00e9galement, mais je suis extr\u00eamement heureuse d\u2019\u00eatre entour\u00e9e de personnes qui choisissent de le parcourir chaque jour, ainsi que de tous ceux et celles qui, au sein de nos communaut\u00e9s, choisissent de le parcourir avec nous.<\/p>\n\n\n\n<p><em>&#8211; Jocelyne Nicolas, Sp\u00e9cialiste en communications<\/em><\/p>\n","protected":false},"excerpt":{"rendered":"<p>J&rsquo;ai pass\u00e9 une grande partie de ma carri\u00e8re dans les domaines de la communication et de la justice sociale, et il en faut beaucoup pour me surprendre ou me choquer. Lorsque j&rsquo;ai commenc\u00e9 \u00e0 parcourir les actualit\u00e9s le 14 avril, j&rsquo;ai \u00e9t\u00e9 interpell\u00e9e par une statistique qui faisait la une. Au 31 mars 2026, 8&hellip; <a class=\"continue\" href=\"https:\/\/reseaucompassionnetwork.ca\/fr\/mot-du-coeur-9\/\">Continue Reading<span> Mot du c\u0153ur<\/span><\/a><\/p>\n","protected":false},"author":4,"featured_media":23474,"comment_status":"closed","ping_status":"closed","sticky":false,"template":"","format":"standard","meta":{"_et_pb_use_builder":"","_et_pb_old_content":"","_et_gb_content_width":"","_monsterinsights_skip_tracking":false,"_monsterinsights_sitenote_active":false,"_monsterinsights_sitenote_note":"","_monsterinsights_sitenote_category":0,"footnotes":""},"categories":[131],"tags":[],"class_list":["post-23482","post","type-post","status-publish","format-standard","has-post-thumbnail","hentry","category-le-mot-du-coeur"],"_links":{"self":[{"href":"https:\/\/reseaucompassionnetwork.ca\/fr\/wp-json\/wp\/v2\/posts\/23482","targetHints":{"allow":["GET"]}}],"collection":[{"href":"https:\/\/reseaucompassionnetwork.ca\/fr\/wp-json\/wp\/v2\/posts"}],"about":[{"href":"https:\/\/reseaucompassionnetwork.ca\/fr\/wp-json\/wp\/v2\/types\/post"}],"author":[{"embeddable":true,"href":"https:\/\/reseaucompassionnetwork.ca\/fr\/wp-json\/wp\/v2\/users\/4"}],"replies":[{"embeddable":true,"href":"https:\/\/reseaucompassionnetwork.ca\/fr\/wp-json\/wp\/v2\/comments?post=23482"}],"version-history":[{"count":3,"href":"https:\/\/reseaucompassionnetwork.ca\/fr\/wp-json\/wp\/v2\/posts\/23482\/revisions"}],"predecessor-version":[{"id":23520,"href":"https:\/\/reseaucompassionnetwork.ca\/fr\/wp-json\/wp\/v2\/posts\/23482\/revisions\/23520"}],"wp:featuredmedia":[{"embeddable":true,"href":"https:\/\/reseaucompassionnetwork.ca\/fr\/wp-json\/wp\/v2\/media\/23474"}],"wp:attachment":[{"href":"https:\/\/reseaucompassionnetwork.ca\/fr\/wp-json\/wp\/v2\/media?parent=23482"}],"wp:term":[{"taxonomy":"category","embeddable":true,"href":"https:\/\/reseaucompassionnetwork.ca\/fr\/wp-json\/wp\/v2\/categories?post=23482"},{"taxonomy":"post_tag","embeddable":true,"href":"https:\/\/reseaucompassionnetwork.ca\/fr\/wp-json\/wp\/v2\/tags?post=23482"}],"curies":[{"name":"wp","href":"https:\/\/api.w.org\/{rel}","templated":true}]}}