

{"id":23478,"date":"2026-04-30T09:14:51","date_gmt":"2026-04-30T14:14:51","guid":{"rendered":"https:\/\/reseaucompassionnetwork.ca\/?p=23478"},"modified":"2026-04-30T09:18:07","modified_gmt":"2026-04-30T14:18:07","slug":"creer-des-espaces-securisants-pour-les-jeunes-franco-queers","status":"publish","type":"post","link":"https:\/\/reseaucompassionnetwork.ca\/fr\/creer-des-espaces-securisants-pour-les-jeunes-franco-queers\/","title":{"rendered":"Cr\u00e9er des espaces s\u00e9curisants pour les jeunes franco-queers"},"content":{"rendered":"\n<p>Annika Turenne est une \u00e9tudiante universitaire pr\u00e9sentement en fin de cursus scolaire en travail social. Elle est \u00e9galement membre francophone de la communaut\u00e9 2SLGBTQIA+ et aide d\u2019autres membres francophones de la communaut\u00e9 queer \u00e0 trouver un sentiment d\u2019appartenance et de s\u00e9curit\u00e9 au Centre de sant\u00e9 Saint-Boniface (CDS), qu\u2019ils soient client.e.s ou non.<\/p>\n\n\n\n<p>\u00ab Quand on fait partie de la communaut\u00e9 queer, on fait tr\u00e8s attention \u00e0 la fa\u00e7on dont on s\u2019identifie, sans parler des espaces et des personnes avec qui on partage tous les aspects de son identit\u00e9 \u00bb, explique Turenne. \u00ab M\u00eame au Secondaire, quand on essayait de se rassembler en tant que communaut\u00e9, on ne voulait pas attirer l\u2019attention sur nous, donner un nom queer au groupe ou \u00eatre tr\u00e8s visibles \u00e0 ce sujet. C\u2019est la r\u00e9alit\u00e9 de notre exp\u00e9rience v\u00e9cue. \u00bb<\/p>\n\n\n\n<p>Lorsque le Collectif LGBTQ* du Manitoba et l\u2019Universit\u00e9 de Saint-Boniface ont publi\u00e9 en 2024 un document de recherche conjoint sur l\u2019exp\u00e9rience des Franco-Queers du Manitoba, il d\u00e9montrait un manque flagrant de programmes et d\u2019espaces s\u00e9curitaires pour la communaut\u00e9, en particulier pour les jeunes. Le Centre de sant\u00e9 Saint-Boniface a voulu apporter son aide.<\/p>\n\n\n\n<p>\u00ab Nous savions qu\u2019il y avait un besoin au sein de la communaut\u00e9, et nous savons que le travail visant \u00e0 favoriser l\u2019inclusion, le sentiment d\u2019appartenance et la s\u00e9curit\u00e9 ne devrait jamais incomber aux personnes marginalis\u00e9es \u00bb, explique Janelle Delorme, responsable des relations avec les Autochtones et de l\u2019\u00e9quit\u00e9, la diversit\u00e9 et l\u2019inclusion au CDS. \u00ab Tous nos syst\u00e8mes doivent trouver le moyen d\u2019offrir des services \u00e9quitables et de rendre nos espaces plus s\u00fbrs. Nous avons la responsabilit\u00e9 collective d\u2019\u00eatre plus inclusifs, de nous adapter et de cr\u00e9er de nouveaux services qui r\u00e9pondront aux besoins de cette communaut\u00e9. \u00bb<\/p>\n\n\n\n<p>Deux fois par mois, toute personne s\u2019identifiant comme franco-queer est invit\u00e9e \u00e0 des soir\u00e9es d\u00e9contract\u00e9es et peu structur\u00e9es o\u00f9 les membres de la communaut\u00e9 peuvent litt\u00e9ralement trouver leur voix. Dans le rapport publi\u00e9 en 2024, 68 % des jeunes franco-queers ont d\u00e9clar\u00e9 qu\u2019il y avait un manque de soutiens en fran\u00e7ais \u00e0 leur intention. \u00ab Je pense qu\u2019on ne saurait surestimer l\u2019importance de la dimension linguistique dans tout cela&nbsp;\u00bb, poursuit Turenne. \u00ab J\u2019ai parl\u00e9 \u00e0 une personne qui sait depuis toujours qu\u2019elle est bisexuelle, et aujourd\u2019hui, \u00e0 la fin de son adolescence, elle m\u2019a confi\u00e9 que c\u2019\u00e9tait la premi\u00e8re fois qu\u2019elle pouvait vraiment \u00eatre elle-m\u00eame, et dans sa langue maternelle. Tout le monde veut \u00eatre authentique et se sentir en s\u00e9curit\u00e9, tout en rencontrant de nouvelles personnes. \u00bb<\/p>\n\n\n\n<p>Gr\u00e2ce \u00e0 une subvention accord\u00e9e par la <em>Healthcare Insurance Reciprocal of Canada<\/em> (HIROC), Turenne a rejoint l&rsquo;\u00e9quipe en tant que coordinatrice du programme, apr\u00e8s que d&rsquo;autres membres de la communaut\u00e9 eurent contribu\u00e9 \u00e0 d\u00e9finir et \u00e0 co-cr\u00e9er le programme lui-m\u00eame. Le financement a \u00e9galement permis de soutenir le travail essentiel de Jay Campagne et de Mia Bestvater, qui ont \u00e9labor\u00e9 la pr\u00e9sentation du projet et travaillent actuellement \u00e0 la r\u00e9daction d&rsquo;un guide de ressources franco-queer.<\/p>\n\n\n\n<p>Le personnel de CDS esp\u00e9rait pouvoir toucher 20 membres de la communaut\u00e9 au cours de la premi\u00e8re ann\u00e9e du projet. Alors que celle-ci touche \u00e0 sa fin, plus de 45 personnes se sont pr\u00e9sent\u00e9es, et leur nombre augmente chaque mois. Le projet a connu un tel succ\u00e8s que HIROC les a invit\u00e9s \u00e0 pr\u00e9senter une nouvelle demande et a financ\u00e9 une deuxi\u00e8me ann\u00e9e de prestation de ces soutiens essentiels au Manitoba.<\/p>\n\n\n\n<p>\u00ab Je pense tout particuli\u00e8rement aux personnes qui nous rejoignent depuis les communaut\u00e9s rurales, o\u00f9 elles ne se sentent peut-\u00eatre pas en s\u00e9curit\u00e9 de vivre pleinement leur r\u00e9alit\u00e9 \u00bb, r\u00e9fl\u00e9chit Turenne. \u00ab Elles font une heure de route pour \u00eatre avec nous. Nous allons au mus\u00e9e, nous nous promenons en for\u00eat, nous faisons tout ce que le groupe souhaite. Nous apprenons les uns des autres et cr\u00e9ons un espace ensemble. C\u2019est notre plus grande r\u00e9ussite : cr\u00e9er un sentiment de communaut\u00e9. \u00bb<\/p>\n\n\n\n<p>Pour sa part, Janelle Delorme est convaincue que le succ\u00e8s du programme tient en grande partie \u00e0 ceux et celles qui l\u2019ont men\u00e9. \u00ab Nous n\u2019en sommes encore qu\u2019aux pr\u00e9mices, mais rien de tout cela ne se serait produit, rien n\u2019aurait aussi bien fonctionn\u00e9 si ce n\u2019\u00e9tait pas des jeunes franco-queers qui avaient pris les r\u00eanes \u00bb, conclut-elle. \u00ab Ces personnes et leur communaut\u00e9 ont tellement d\u2019id\u00e9es et de moyens pour continuer \u00e0 grandir ensemble. Toustes savent qu\u2019iels peuvent demander ce dont iels ont besoin et tout ce que nous avons \u00e0 faire, c\u2019est de continuer \u00e0 les \u00e9couter. \u00bb<\/p>\n\n\n\n<p>\u2022\u2022\u2022<\/p>\n\n\n\n<p>Si vous faites partie de la communaut\u00e9 franco-queer et souhaitez en savoir plus sur ces \u00e9v\u00e9nements, veuillez envoyer un courriel \u00e0 <a href=\"mailto:NAME@centredesante.mb.ca\"><\/a><a href=\"mailto:aturenne@centredesante.mb.ca\">aturenne@centredesante.mb.ca<\/a>. Votre message sera re\u00e7u et trait\u00e9 en toute confidentialit\u00e9.<\/p>\n","protected":false},"excerpt":{"rendered":"<p>Annika Turenne est une \u00e9tudiante universitaire pr\u00e9sentement en fin de cursus scolaire en travail social. Elle est \u00e9galement membre francophone de la communaut\u00e9 2SLGBTQIA+ et aide d\u2019autres membres francophones de la communaut\u00e9 queer \u00e0 trouver un sentiment d\u2019appartenance et de s\u00e9curit\u00e9 au Centre de sant\u00e9 Saint-Boniface (CDS), qu\u2019ils soient client.e.s ou non. \u00ab Quand on&hellip; <a class=\"continue\" href=\"https:\/\/reseaucompassionnetwork.ca\/fr\/creer-des-espaces-securisants-pour-les-jeunes-franco-queers\/\">Continue Reading<span> Cr\u00e9er des espaces s\u00e9curisants pour les jeunes franco-queers<\/span><\/a><\/p>\n","protected":false},"author":4,"featured_media":23526,"comment_status":"closed","ping_status":"closed","sticky":false,"template":"","format":"standard","meta":{"_et_pb_use_builder":"","_et_pb_old_content":"","_et_gb_content_width":"","_monsterinsights_skip_tracking":false,"_monsterinsights_sitenote_active":false,"_monsterinsights_sitenote_note":"","_monsterinsights_sitenote_category":0,"footnotes":""},"categories":[114],"tags":[],"class_list":["post-23478","post","type-post","status-publish","format-standard","has-post-thumbnail","hentry","category-centre_stboniface-fr"],"_links":{"self":[{"href":"https:\/\/reseaucompassionnetwork.ca\/fr\/wp-json\/wp\/v2\/posts\/23478","targetHints":{"allow":["GET"]}}],"collection":[{"href":"https:\/\/reseaucompassionnetwork.ca\/fr\/wp-json\/wp\/v2\/posts"}],"about":[{"href":"https:\/\/reseaucompassionnetwork.ca\/fr\/wp-json\/wp\/v2\/types\/post"}],"author":[{"embeddable":true,"href":"https:\/\/reseaucompassionnetwork.ca\/fr\/wp-json\/wp\/v2\/users\/4"}],"replies":[{"embeddable":true,"href":"https:\/\/reseaucompassionnetwork.ca\/fr\/wp-json\/wp\/v2\/comments?post=23478"}],"version-history":[{"count":2,"href":"https:\/\/reseaucompassionnetwork.ca\/fr\/wp-json\/wp\/v2\/posts\/23478\/revisions"}],"predecessor-version":[{"id":23503,"href":"https:\/\/reseaucompassionnetwork.ca\/fr\/wp-json\/wp\/v2\/posts\/23478\/revisions\/23503"}],"wp:featuredmedia":[{"embeddable":true,"href":"https:\/\/reseaucompassionnetwork.ca\/fr\/wp-json\/wp\/v2\/media\/23526"}],"wp:attachment":[{"href":"https:\/\/reseaucompassionnetwork.ca\/fr\/wp-json\/wp\/v2\/media?parent=23478"}],"wp:term":[{"taxonomy":"category","embeddable":true,"href":"https:\/\/reseaucompassionnetwork.ca\/fr\/wp-json\/wp\/v2\/categories?post=23478"},{"taxonomy":"post_tag","embeddable":true,"href":"https:\/\/reseaucompassionnetwork.ca\/fr\/wp-json\/wp\/v2\/tags?post=23478"}],"curies":[{"name":"wp","href":"https:\/\/api.w.org\/{rel}","templated":true}]}}