

{"id":23435,"date":"2026-03-29T16:47:53","date_gmt":"2026-03-29T21:47:53","guid":{"rendered":"https:\/\/reseaucompassionnetwork.ca\/?p=23435"},"modified":"2026-04-22T16:48:21","modified_gmt":"2026-04-22T21:48:21","slug":"lhopital-saint-boniface-ouvrira-une-unite-dediee-aux-evaluations-cardiaques-en-juillet","status":"publish","type":"post","link":"https:\/\/reseaucompassionnetwork.ca\/fr\/lhopital-saint-boniface-ouvrira-une-unite-dediee-aux-evaluations-cardiaques-en-juillet\/","title":{"rendered":"L\u2019H\u00f4pital Saint-Boniface ouvrira une unit\u00e9 d\u00e9di\u00e9e aux \u00e9valuations cardiaques en juillet"},"content":{"rendered":"\n<p><em>Source : CBC Manitoba<\/em><\/p>\n\n\n\n<p>\u00ab Tout le monde ne devrait pas passer par cette salle d\u2019urgence \u00bb, affirme un m\u00e9decin au sujet du nouvel espace destin\u00e9 \u00e0 l\u2019\u00e9valuation des patients cardiaques.<\/p>\n\n\n\n<p>Pour lire cet article, disponible en anglais, veuillez <a href=\"https:\/\/www.cbc.ca\/news\/canada\/manitoba\/st-boniface-hospital-cardiac-heart-care-9.7159534\">cliquer ici<\/a>.<\/p>\n","protected":false},"excerpt":{"rendered":"<p>Source : CBC Manitoba \u00ab Tout le monde ne devrait pas passer par cette salle d\u2019urgence \u00bb, affirme un m\u00e9decin au sujet du nouvel espace destin\u00e9 \u00e0 l\u2019\u00e9valuation des patients cardiaques. Pour lire cet article, disponible en anglais, veuillez cliquer ici.<\/p>\n","protected":false},"author":4,"featured_media":23433,"comment_status":"closed","ping_status":"closed","sticky":false,"template":"","format":"standard","meta":{"_et_pb_use_builder":"","_et_pb_old_content":"","_et_gb_content_width":"","_monsterinsights_skip_tracking":false,"_monsterinsights_sitenote_active":false,"_monsterinsights_sitenote_note":"","_monsterinsights_sitenote_category":0,"footnotes":""},"categories":[120,165],"tags":[],"class_list":["post-23435","post","type-post","status-publish","format-standard","has-post-thumbnail","hentry","category-stboniface-fr","category-media"],"_links":{"self":[{"href":"https:\/\/reseaucompassionnetwork.ca\/fr\/wp-json\/wp\/v2\/posts\/23435","targetHints":{"allow":["GET"]}}],"collection":[{"href":"https:\/\/reseaucompassionnetwork.ca\/fr\/wp-json\/wp\/v2\/posts"}],"about":[{"href":"https:\/\/reseaucompassionnetwork.ca\/fr\/wp-json\/wp\/v2\/types\/post"}],"author":[{"embeddable":true,"href":"https:\/\/reseaucompassionnetwork.ca\/fr\/wp-json\/wp\/v2\/users\/4"}],"replies":[{"embeddable":true,"href":"https:\/\/reseaucompassionnetwork.ca\/fr\/wp-json\/wp\/v2\/comments?post=23435"}],"version-history":[{"count":1,"href":"https:\/\/reseaucompassionnetwork.ca\/fr\/wp-json\/wp\/v2\/posts\/23435\/revisions"}],"predecessor-version":[{"id":23437,"href":"https:\/\/reseaucompassionnetwork.ca\/fr\/wp-json\/wp\/v2\/posts\/23435\/revisions\/23437"}],"wp:featuredmedia":[{"embeddable":true,"href":"https:\/\/reseaucompassionnetwork.ca\/fr\/wp-json\/wp\/v2\/media\/23433"}],"wp:attachment":[{"href":"https:\/\/reseaucompassionnetwork.ca\/fr\/wp-json\/wp\/v2\/media?parent=23435"}],"wp:term":[{"taxonomy":"category","embeddable":true,"href":"https:\/\/reseaucompassionnetwork.ca\/fr\/wp-json\/wp\/v2\/categories?post=23435"},{"taxonomy":"post_tag","embeddable":true,"href":"https:\/\/reseaucompassionnetwork.ca\/fr\/wp-json\/wp\/v2\/tags?post=23435"}],"curies":[{"name":"wp","href":"https:\/\/api.w.org\/{rel}","templated":true}]}}