

{"id":17221,"date":"2024-09-26T20:51:34","date_gmt":"2024-09-27T01:51:34","guid":{"rendered":"https:\/\/reseaucompassionnetwork.ca\/?p=17221"},"modified":"2024-09-26T20:51:37","modified_gmt":"2024-09-27T01:51:37","slug":"un-diplome-honorifique-pour-julie-turenne-maynard","status":"publish","type":"post","link":"https:\/\/reseaucompassionnetwork.ca\/fr\/un-diplome-honorifique-pour-julie-turenne-maynard\/","title":{"rendered":"Un dipl\u00f4me honorifique pour Julie Turenne-Maynard"},"content":{"rendered":"\n<p>Si vous avez pass\u00e9 un peu de temps dans notre r\u00e9seau, vous avez certainement entendu parler de Julie Turenne-Maynard. Elle a \u00e9t\u00e9 une fervente supportrice et une b\u00e9n\u00e9vole infatigable pour de nombreux membres de notre r\u00e9seau, et elle a r\u00e9cemment re\u00e7u un dipl\u00f4me honorifique de l&rsquo;Universit\u00e9 de Saint-Boniface.<\/p>\n\n\n\n<p>Mme Turenne-Maynard a une carri\u00e8re et un parcours de b\u00e9n\u00e9vole qui touchent presque tous les secteurs et toutes les causes importantes pour la communaut\u00e9 francophone du Manitoba. Elle a commenc\u00e9 sa carri\u00e8re en travaillant aux c\u00f4t\u00e9s de l&rsquo;architecte bien connu \u00c9tienne Gaboury, en tant que cheffe de bureau. Elle a ensuite occup\u00e9 divers postes de direction dans les domaines de la sant\u00e9, des services sociaux, du tourisme, de l&rsquo;\u00e9conomie et des organisations confessionnelles.<\/p>\n\n\n\n<p>Pour le R\u00e9seau Compassion Network, elle est surtout connue comme membre d\u00e9vou\u00e9e de conseils d&rsquo;administration, en plus de son r\u00f4le de directrice g\u00e9n\u00e9rale de l\u2019Association catholique manitobaine de la sant\u00e9, de l&rsquo;Association confessionnelle de la sant\u00e9 du Manitoba et de la <em>Manitoba Association of Residential &amp; Community Care Homes for the Elderly<\/em> (MARCHE). Elle a si\u00e9g\u00e9 b\u00e9n\u00e9volement aux conseils d&rsquo;administration du Centre Flavie, d\u2019Abri Marguerite, des Charit\u00e9s Despins (Villa Aulneau et R\u00e9sidence Despins) et, depuis novembre 2023, du R\u00e9seau Compassion Network lui-m\u00eame.<\/p>\n\n\n\n<p>Outre sa participation aux conseils d&rsquo;administration, Mme Turenne-Maynard a jou\u00e9 un r\u00f4le d\u00e9terminant dans de nombreuses campagnes de collecte de fonds qui ont eu des r\u00e9percussions importantes sur nos communaut\u00e9s. Elle a soutenu l&rsquo;H\u00f4pital Saint-Boniface, L&rsquo;Entre-temps des franco-manitobaines (maintenant ChezRachel) et l&rsquo;archidioc\u00e8se de Saint-Boniface, entre autres.<\/p>\n\n\n\n<p>\u00c0 vrai dire, un seul article ne suffit pas \u00e0 d\u00e9crire toutes les fa\u00e7ons dont Julie Turenne-Maynard a contribu\u00e9 \u00e0 fa\u00e7onner nos communaut\u00e9s et nos organisations. La liste de ses r\u00f4les b\u00e9n\u00e9voles est longue, mais on peut ais\u00e9ment affirmer qu&rsquo;elle a fait une diff\u00e9rence pour des milliers de vies, et ce, \u00e0 plusieurs reprises. Son d\u00e9vouement particulier \u00e0 la communaut\u00e9 francophone a renforc\u00e9 les services, les programmes et les organisations elles-m\u00eames.<\/p>\n\n\n\n<p>R\u00e9seau Compassion Network a \u00e9t\u00e9 fier de fournir une lettre d&rsquo;appui pour sa nomination \u00e0 un dipl\u00f4me honorifique. Dans cette lettre, les r\u00e9alisations de Mme Turenne-Maynard sont soulign\u00e9es, mais aussi sa g\u00e9n\u00e9rosit\u00e9 d&rsquo;esprit et de temps. \u00ab Elle n&rsquo;a jamais h\u00e9sit\u00e9 \u00e0 partager ses id\u00e9es, ses connaissances et son enthousiasme avec quiconque avait besoin d&rsquo;un coup de main \u00bb, explique Daniel Lussier, directeur g\u00e9n\u00e9ral du R\u00e9seau Compassion Network. \u00ab On savait toujours que si Julie \u00e9tait impliqu\u00e9e, de bonnes choses se produiraient. Elle a vraiment \u00e9t\u00e9 un moteur de changement dans notre communaut\u00e9, faisant avancer les projets et ouvrant la voie \u00e0 tant de gens.&nbsp;\u00bb<\/p>\n\n\n\n<p>Au nom des organismes du r\u00e9seau qui ont b\u00e9n\u00e9fici\u00e9 des multiples dons et talents de Julie Turenne-Maynard et, en fait, de toute la communaut\u00e9 francophone du Manitoba, nous adressons nos remerciements les plus sinc\u00e8res \u00e0 une d\u00e9fenderesse des droits infatigable, \u00e0 une championne pour quantit\u00e9 de causes et dossiers, et \u00e0 une femme qui a laiss\u00e9 sa marque unique dans notre communaut\u00e9 et qui continue de le faire.<\/p>\n\n\n\n<p>&#8212;<\/p>\n\n\n\n<p>Pour lire le profil complet publi\u00e9 par l&rsquo;Universit\u00e9 de Saint-Boniface, veuillez <a href=\"https:\/\/ustboniface.ca\/faconner-sa-communaute-pour-le-bien-de-la-francophonie-juin-2024\">cliquer ici<\/a>.<\/p>\n","protected":false},"excerpt":{"rendered":"<p>Si vous avez pass\u00e9 un peu de temps dans notre r\u00e9seau, vous avez certainement entendu parler de Julie Turenne-Maynard. Elle a \u00e9t\u00e9 une fervente supportrice et une b\u00e9n\u00e9vole infatigable pour de nombreux membres de notre r\u00e9seau, et elle a r\u00e9cemment re\u00e7u un dipl\u00f4me honorifique de l&rsquo;Universit\u00e9 de Saint-Boniface. Mme Turenne-Maynard a une carri\u00e8re et un&hellip; <a class=\"continue\" href=\"https:\/\/reseaucompassionnetwork.ca\/fr\/un-diplome-honorifique-pour-julie-turenne-maynard\/\">Continue Reading<span> Un dipl\u00f4me honorifique pour Julie Turenne-Maynard<\/span><\/a><\/p>\n","protected":false},"author":4,"featured_media":17219,"comment_status":"closed","ping_status":"closed","sticky":false,"template":"","format":"standard","meta":{"_et_pb_use_builder":"","_et_pb_old_content":"","_et_gb_content_width":"","_monsterinsights_skip_tracking":false,"_monsterinsights_sitenote_active":false,"_monsterinsights_sitenote_note":"","_monsterinsights_sitenote_category":0,"footnotes":""},"categories":[78],"tags":[],"class_list":["post-17221","post","type-post","status-publish","format-standard","has-post-thumbnail","hentry","category-profils"],"_links":{"self":[{"href":"https:\/\/reseaucompassionnetwork.ca\/fr\/wp-json\/wp\/v2\/posts\/17221","targetHints":{"allow":["GET"]}}],"collection":[{"href":"https:\/\/reseaucompassionnetwork.ca\/fr\/wp-json\/wp\/v2\/posts"}],"about":[{"href":"https:\/\/reseaucompassionnetwork.ca\/fr\/wp-json\/wp\/v2\/types\/post"}],"author":[{"embeddable":true,"href":"https:\/\/reseaucompassionnetwork.ca\/fr\/wp-json\/wp\/v2\/users\/4"}],"replies":[{"embeddable":true,"href":"https:\/\/reseaucompassionnetwork.ca\/fr\/wp-json\/wp\/v2\/comments?post=17221"}],"version-history":[{"count":1,"href":"https:\/\/reseaucompassionnetwork.ca\/fr\/wp-json\/wp\/v2\/posts\/17221\/revisions"}],"predecessor-version":[{"id":17222,"href":"https:\/\/reseaucompassionnetwork.ca\/fr\/wp-json\/wp\/v2\/posts\/17221\/revisions\/17222"}],"wp:featuredmedia":[{"embeddable":true,"href":"https:\/\/reseaucompassionnetwork.ca\/fr\/wp-json\/wp\/v2\/media\/17219"}],"wp:attachment":[{"href":"https:\/\/reseaucompassionnetwork.ca\/fr\/wp-json\/wp\/v2\/media?parent=17221"}],"wp:term":[{"taxonomy":"category","embeddable":true,"href":"https:\/\/reseaucompassionnetwork.ca\/fr\/wp-json\/wp\/v2\/categories?post=17221"},{"taxonomy":"post_tag","embeddable":true,"href":"https:\/\/reseaucompassionnetwork.ca\/fr\/wp-json\/wp\/v2\/tags?post=17221"}],"curies":[{"name":"wp","href":"https:\/\/api.w.org\/{rel}","templated":true}]}}