

{"id":14061,"date":"2023-10-31T12:29:07","date_gmt":"2023-10-31T17:29:07","guid":{"rendered":"https:\/\/reseaucompassionnetwork.ca\/?p=14061"},"modified":"2023-10-31T12:29:10","modified_gmt":"2023-10-31T17:29:10","slug":"un-specialiste-de-verite-et-reconciliation-a-lhopital-saint-boniface","status":"publish","type":"post","link":"https:\/\/reseaucompassionnetwork.ca\/fr\/un-specialiste-de-verite-et-reconciliation-a-lhopital-saint-boniface\/","title":{"rendered":"Un sp\u00e9cialiste de v\u00e9rit\u00e9 et r\u00e9conciliation \u00e0 l&rsquo;H\u00f4pital Saint-Boniface"},"content":{"rendered":"\n<p>Ryan Thomas occupe le poste de sp\u00e9cialiste de v\u00e9rit\u00e9 et r\u00e9conciliation \u00e0 l\u2019H\u00f4pital Saint-Boniface depuis mai 2023. Cette fonction, financ\u00e9e par la Fondation de l\u2019H\u00f4pital Saint-Boniface, est une nouveaut\u00e9 au sein de l\u2019organisation. Apr\u00e8s quatre mois en poste, Thomas s\u2019est entretenu avec le R\u00e9seau Compassion Network (RCN) pour expliquer ce qui l\u2019int\u00e9resse dans ce travail, ce qu\u2019il constate jusqu\u2019\u00e0 pr\u00e9sent et ce qu\u2019il envisage pour l\u2019avenir.<\/p>\n\n\n\n<p><strong>RCN&nbsp;<\/strong>: Avant de travailler \u00e0 l\u2019H\u00f4pital Saint-Boniface, vous \u00e9tiez sp\u00e9cialiste des interventions aupr\u00e8s des communaut\u00e9s autochtones \u00e0 la Croix-Rouge canadienne, o\u00f9 vous aidiez les gens en temps de catastrophes naturelles ou autres crises. Qu\u2019est-ce qui vous a attir\u00e9 dans ce nouveau r\u00f4le de v\u00e9rit\u00e9 et r\u00e9conciliation en milieu hospitalier?<\/p>\n\n\n\n<p><strong>Ryan Thomas<\/strong>&nbsp;: Historiquement, les populations autochtones n\u2019ont pas toujours eu acc\u00e8s \u00e0 des soins de sant\u00e9 de qualit\u00e9. C\u2019est une longue histoire qui comprend les pensionnats, la cr\u00e9ation de r\u00e9serves et la vie dans des r\u00e9gions isol\u00e9es. Lorsqu\u2019on sort d\u2019une petite communaut\u00e9 qui nous est famili\u00e8re et dans laquelle on se sent \u00e0 l\u2019aise et qu\u2019on doit se rendre en ville pour obtenir des soins de sant\u00e9 sans soutien, c\u2019est difficile. Les prestataires de soins de sant\u00e9 doivent comprendre les d\u00e9fis auxquels ces patients sont confront\u00e9s.<\/p>\n\n\n\n<p>Nous voulons un syst\u00e8me de soins de sant\u00e9 qui offre des services \u00e9gaux \u00e0 tous. Tout le monde doit \u00eatre trait\u00e9 \u00e9quitablement. La couleur de votre peau ne doit pas avoir d\u2019importance. Cela dit, nous voulons reconna\u00eetre les diff\u00e9rences culturelles. C\u2019est ce que repr\u00e9sente le Canada dans son ensemble. C\u2019est un pays tr\u00e8s diversifi\u00e9. Cette diversit\u00e9 se retrouve au sein de notre personnel et de nos patients. Toutes les cultures sont repr\u00e9sent\u00e9es \u00e0 Saint-Boniface.<\/p>\n\n\n\n<p><strong>RCN<\/strong>&nbsp;: Comment commencerez-vous, avec l\u2019\u00e9quipe de l\u2019H\u00f4pital Saint-Boniface, \u00e0 apporter des changements qui tiennent compte de tout ce contexte historique et culturel?<\/p>\n\n\n\n<p><strong>RT&nbsp;<\/strong>: Tout d\u2019abord, je tiens \u00e0 dire que mes coll\u00e8gues sont tous vraiment formidables. Je sens chez eux un d\u00e9sir sinc\u00e8re d\u2019am\u00e9liorer la situation. Et quand je parle d\u2019am\u00e9liorer la situation, je ne veux pas minimiser toutes les bonnes choses qui se produisent d\u00e9j\u00e0. La r\u00e9conciliation est un cheminement que nous entreprenons tous ensemble ici au Manitoba et au Canada, et qui se poursuivra encore longtemps.<\/p>\n\n\n\n<p>Quand je suis arriv\u00e9 en poste, j\u2019ai d\u00e9couvert qu\u2019il y avait d\u00e9j\u00e0 des c\u00e9r\u00e9monies mensuelles de purification par la fum\u00e9e dans l\u2019atrium Everett. Nous avons \u00e9galement une salle de purification int\u00e9rieure \u00e0 la disposition des patients. J\u2019\u00e9tais ravi de voir cela, et heureux de ne pas partir de z\u00e9ro. Je comprends qu\u2019il est parfois difficile de changer les choses, &nbsp;mais il s\u2019agit l\u00e0 de premiers pas importants.<\/p>\n\n\n\n<p>Ceci dit, nous envisageons entre autres d\u2019augmenter la repr\u00e9sentation autochtone au sein du personnel, car c\u2019est un moyen important de favoriser la r\u00e9conciliation. Nous entretenons d\u2019excellentes relations avec le d\u00e9partement Sant\u00e9 des Autochtones, par l\u2019interm\u00e9diaire de l\u2019Office r\u00e9gional de la sant\u00e9 de Winnipeg, qui a r\u00e9alis\u00e9 un travail consid\u00e9rable que nous pouvons poursuivre \u00e0 l\u2019H\u00f4pital en ce qui a trait \u00e0 la planification des sorties, aux soins spirituels et aux relations avec les patients. Il est \u00e9galement possible de cr\u00e9er un espace de c\u00e9r\u00e9monie suppl\u00e9mentaire sur place, peut-\u00eatre en endroit en plein air o\u00f9 nous pourrions allumer un feu sacr\u00e9, par exemple.<\/p>\n\n\n\n<p><strong>RCN<\/strong>&nbsp;: Outre la volont\u00e9 du personnel d\u2019apporter des changements pour cr\u00e9er des espaces plus s\u00fbrs pour les patients autochtones, qu\u2019est-ce qui vous donne de l\u2019espoir ces jours-ci?<\/p>\n\n\n\n<p><strong>RT<\/strong>&nbsp;: Je suis heureux d\u2019\u00eatre install\u00e9 en permanence \u00e0 Winnipeg avec ma femme et mes trois enfants. Dans le cadre de mon poste \u00e0 la Croix-Rouge, j\u2019\u00e9tais souvent loin de chez moi, ce qui \u00e9tait tr\u00e8s difficile pour nous tous. \u00c0 titre personnel, je trouve ce r\u00f4le tr\u00e8s important aussi. Mon p\u00e8re est originaire de la nation des Cris de Nisichawayasihk (pr\u00e8s de Nelson House, au Manitoba), et ma m\u00e8re est ojibw\u00e9e et ukrainienne. D\u00e8s mon plus jeune \u00e2ge, j\u2019ai appris \u00e0 conna\u00eetre les droits d\u00e9coulant des trait\u00e9s et la culture, et aujourd\u2019hui, je peux aider les autres \u00e0 mieux comprendre et \u00e0 mieux servir les populations autochtones. Je me r\u00e9jouis de l\u2019avenir.<\/p>\n","protected":false},"excerpt":{"rendered":"<p>Ryan Thomas occupe le poste de sp\u00e9cialiste de v\u00e9rit\u00e9 et r\u00e9conciliation \u00e0 l\u2019H\u00f4pital Saint-Boniface depuis mai 2023. Cette fonction, financ\u00e9e par la Fondation de l\u2019H\u00f4pital Saint-Boniface, est une nouveaut\u00e9 au sein de l\u2019organisation. Apr\u00e8s quatre mois en poste, Thomas s\u2019est entretenu avec le R\u00e9seau Compassion Network (RCN) pour expliquer ce qui l\u2019int\u00e9resse dans ce travail,&hellip; <a class=\"continue\" href=\"https:\/\/reseaucompassionnetwork.ca\/fr\/un-specialiste-de-verite-et-reconciliation-a-lhopital-saint-boniface\/\">Continue Reading<span> Un sp\u00e9cialiste de v\u00e9rit\u00e9 et r\u00e9conciliation \u00e0 l&rsquo;H\u00f4pital Saint-Boniface<\/span><\/a><\/p>\n","protected":false},"author":4,"featured_media":14046,"comment_status":"closed","ping_status":"closed","sticky":false,"template":"","format":"standard","meta":{"_et_pb_use_builder":"","_et_pb_old_content":"","_et_gb_content_width":"","_monsterinsights_skip_tracking":false,"_monsterinsights_sitenote_active":false,"_monsterinsights_sitenote_note":"","_monsterinsights_sitenote_category":0,"footnotes":""},"categories":[120],"tags":[],"class_list":["post-14061","post","type-post","status-publish","format-standard","has-post-thumbnail","hentry","category-stboniface-fr"],"_links":{"self":[{"href":"https:\/\/reseaucompassionnetwork.ca\/fr\/wp-json\/wp\/v2\/posts\/14061","targetHints":{"allow":["GET"]}}],"collection":[{"href":"https:\/\/reseaucompassionnetwork.ca\/fr\/wp-json\/wp\/v2\/posts"}],"about":[{"href":"https:\/\/reseaucompassionnetwork.ca\/fr\/wp-json\/wp\/v2\/types\/post"}],"author":[{"embeddable":true,"href":"https:\/\/reseaucompassionnetwork.ca\/fr\/wp-json\/wp\/v2\/users\/4"}],"replies":[{"embeddable":true,"href":"https:\/\/reseaucompassionnetwork.ca\/fr\/wp-json\/wp\/v2\/comments?post=14061"}],"version-history":[{"count":1,"href":"https:\/\/reseaucompassionnetwork.ca\/fr\/wp-json\/wp\/v2\/posts\/14061\/revisions"}],"predecessor-version":[{"id":14062,"href":"https:\/\/reseaucompassionnetwork.ca\/fr\/wp-json\/wp\/v2\/posts\/14061\/revisions\/14062"}],"wp:featuredmedia":[{"embeddable":true,"href":"https:\/\/reseaucompassionnetwork.ca\/fr\/wp-json\/wp\/v2\/media\/14046"}],"wp:attachment":[{"href":"https:\/\/reseaucompassionnetwork.ca\/fr\/wp-json\/wp\/v2\/media?parent=14061"}],"wp:term":[{"taxonomy":"category","embeddable":true,"href":"https:\/\/reseaucompassionnetwork.ca\/fr\/wp-json\/wp\/v2\/categories?post=14061"},{"taxonomy":"post_tag","embeddable":true,"href":"https:\/\/reseaucompassionnetwork.ca\/fr\/wp-json\/wp\/v2\/tags?post=14061"}],"curies":[{"name":"wp","href":"https:\/\/api.w.org\/{rel}","templated":true}]}}