

{"id":13058,"date":"2023-05-30T15:52:16","date_gmt":"2023-05-30T20:52:16","guid":{"rendered":"https:\/\/reseaucompassionnetwork.ca\/?p=13058"},"modified":"2023-05-31T12:16:56","modified_gmt":"2023-05-31T17:16:56","slug":"marymound-lance-un-nouveau-centre-de-formation","status":"publish","type":"post","link":"https:\/\/reseaucompassionnetwork.ca\/fr\/marymound-lance-un-nouveau-centre-de-formation\/","title":{"rendered":"Marymound lance un nouveau Centre de formation"},"content":{"rendered":"\n<p>Apr\u00e8s des ann\u00e9es de pr\u00e9paration et un retard d\u00fb \u00e0 la pand\u00e9mie, le Centre de formation de Marymound a \u00e9t\u00e9 inaugur\u00e9 et offre d\u00e9j\u00e0 des possibilit\u00e9s de formation int\u00e9ressantes aux personnes travaillant dans le domaine des services sociaux.<\/p>\n\n\n\n<p>\u00ab&nbsp;Il est tr\u00e8s important pour nous d\u2019offrir des options de perfectionnement professionnel \u00e0 notre personnel, explique Deanne Edwards, coordonnatrice de la formation et des ressources humaines \u00e0 Marymound. Nous avons diffus\u00e9 un sondage aupr\u00e8s du personnel pour lui demander ce qu\u2019il souhaitait apprendre, et lorsque nous avons eu les r\u00e9sultats en main, nous avons approfondi des sujets comme les d\u00e9pendances, la pr\u00e9vention du suicide et les besoins des jeunes. Notre programmation est le reflet fid\u00e8le de ce dont notre personnel a besoin pour s\u2019\u00e9panouir et servir au mieux les jeunes.&nbsp;\u00bb<\/p>\n\n\n\n<p>Bien que Marymound ait cr\u00e9\u00e9 le Centre de formation pour r\u00e9pondre aux besoins de son personnel, toutes les sessions propos\u00e9es sont accessibles au public. \u00ab\u00a0La cr\u00e9ation d\u2019un Centre comme celui-ci nous donne l\u2019occasion de former notre propre personnel \u00e0 un niveau plus \u00e9lev\u00e9, poursuit Mme Edwards. Nous faisons appel \u00e0 des formateurs externes et, en ouvrant le Centre au public, nous faisons conna\u00eetre qui nous sommes et ce que nous faisons, tout en g\u00e9n\u00e9rant des revenus qui permettent \u00e0 un plus grand nombre de membres de notre personnel de suivre ce type de formation gratuitement.\u00a0\u00bb<\/p>\n\n\n\n<p>Marymound organise des conf\u00e9rences annuelles depuis pr\u00e8s de dix ans et a r\u00e9colt\u00e9 un franc succ\u00e8s avec ses approches fond\u00e9es sur les traumatismes. Le Centre de formation s\u2019appuie sur ce travail de base en cr\u00e9ant davantage d\u2019occasions d\u2019apprentissage tout au long de l\u2019ann\u00e9e. \u00ab\u00a0Nous proposerons de nombreux ateliers con\u00e7us pour des groupes plus restreints, pr\u00e9cise Mme Edwards. Particuli\u00e8rement dans le cadre de nos ateliers sur les savoirs autochtones, o\u00f9 nos a\u00een\u00e9s pr\u00e9f\u00e8rent les petits groupes qui offrent un environnement plus s\u00fbr et plus inclusif.\u00a0\u00bb<\/p>\n\n\n\n<p>Les prochains ateliers qui seront tenus en juin sont les suivants&nbsp;: <em>Healing Trauma and Loss <\/em>(\u00ab&nbsp;Gu\u00e9rir le traumatisme et le deuil&nbsp;\u00bb); <em>Introduction to Harm Reduction and How Systems Create Harm<\/em> (\u00ab&nbsp;Introduction \u00e0 la r\u00e9duction des m\u00e9faits et comment les syst\u00e8mes cr\u00e9ent des pr\u00e9judices&nbsp;\u00bb); et <em>Applied Suicide Intervention Skills Training<\/em> (\u00ab&nbsp;Formation appliqu\u00e9e en techniques d\u2019intervention face au suicide&nbsp;\u00bb \u2013 ASIST). Au total, six ateliers ont \u00e9t\u00e9 propos\u00e9s en mai et juin 2023.<\/p>\n\n\n\n<p>Ces sessions ne sont qu\u2019un d\u00e9but pour le Centre de formation. \u00ab\u00a0Nous disposons d\u2019une salle de formation et sommes en mesure d\u2019organiser des formations sur mesure pour les personnes qui en font la demande, signale Mme\u00a0Edwards. Nous nous tournons \u00e9galement vers l\u2019avenir et esp\u00e9rons pouvoir proposer des repas l\u00e9gers et des services de restauration. De nombreuses possibilit\u00e9s s\u2019offrent \u00e0 nous!\u00a0\u00bb<\/p>\n\n\n\n<p>Mme Edwards souligne que si un bon nombre de personnes b\u00e9n\u00e9ficiant des services de Marymound ont subi des traumatismes profonds, elles ne sont pas les seules \u00e0 \u00eatre touch\u00e9es. \u00ab&nbsp;Notre personnel, en particulier, doit apprendre comment les traumatismes nous affectent toutes et tous, notamment en tant que fournisseurs de services, dit-elle. En tant qu\u2019organisation, nous \u00e9voluons constamment, en termes de recherche et de contenu, dans des domaines de service importants. Nous voulons continuer \u00e0 faire mieux pour notre personnel et pour nos participants.&nbsp;\u00bb<\/p>\n\n\n\n<p>***<\/p>\n\n\n\n<p>Pour en savoir plus long sur le Centre de formation, <a href=\"https:\/\/marymound.com\/what-we-do\/marymound-training-center\/workshops\/\">cliquez ici<\/a>.<\/p>\n","protected":false},"excerpt":{"rendered":"<p>Apr\u00e8s des ann\u00e9es de pr\u00e9paration et un retard d\u00fb \u00e0 la pand\u00e9mie, le Centre de formation de Marymound a \u00e9t\u00e9 inaugur\u00e9 et offre d\u00e9j\u00e0 des possibilit\u00e9s de formation int\u00e9ressantes aux personnes travaillant dans le domaine des services sociaux. \u00ab&nbsp;Il est tr\u00e8s important pour nous d\u2019offrir des options de perfectionnement professionnel \u00e0 notre personnel, explique Deanne&hellip; <a class=\"continue\" href=\"https:\/\/reseaucompassionnetwork.ca\/fr\/marymound-lance-un-nouveau-centre-de-formation\/\">Continue Reading<span> Marymound lance un nouveau Centre de formation<\/span><\/a><\/p>\n","protected":false},"author":4,"featured_media":13041,"comment_status":"closed","ping_status":"open","sticky":false,"template":"","format":"standard","meta":{"_et_pb_use_builder":"off","_et_pb_old_content":"","_et_gb_content_width":"","_monsterinsights_skip_tracking":false,"_monsterinsights_sitenote_active":false,"_monsterinsights_sitenote_note":"","_monsterinsights_sitenote_category":0,"footnotes":""},"categories":[119],"tags":[],"class_list":["post-13058","post","type-post","status-publish","format-standard","has-post-thumbnail","hentry","category-marymound-fr"],"_links":{"self":[{"href":"https:\/\/reseaucompassionnetwork.ca\/fr\/wp-json\/wp\/v2\/posts\/13058","targetHints":{"allow":["GET"]}}],"collection":[{"href":"https:\/\/reseaucompassionnetwork.ca\/fr\/wp-json\/wp\/v2\/posts"}],"about":[{"href":"https:\/\/reseaucompassionnetwork.ca\/fr\/wp-json\/wp\/v2\/types\/post"}],"author":[{"embeddable":true,"href":"https:\/\/reseaucompassionnetwork.ca\/fr\/wp-json\/wp\/v2\/users\/4"}],"replies":[{"embeddable":true,"href":"https:\/\/reseaucompassionnetwork.ca\/fr\/wp-json\/wp\/v2\/comments?post=13058"}],"version-history":[{"count":3,"href":"https:\/\/reseaucompassionnetwork.ca\/fr\/wp-json\/wp\/v2\/posts\/13058\/revisions"}],"predecessor-version":[{"id":13092,"href":"https:\/\/reseaucompassionnetwork.ca\/fr\/wp-json\/wp\/v2\/posts\/13058\/revisions\/13092"}],"wp:featuredmedia":[{"embeddable":true,"href":"https:\/\/reseaucompassionnetwork.ca\/fr\/wp-json\/wp\/v2\/media\/13041"}],"wp:attachment":[{"href":"https:\/\/reseaucompassionnetwork.ca\/fr\/wp-json\/wp\/v2\/media?parent=13058"}],"wp:term":[{"taxonomy":"category","embeddable":true,"href":"https:\/\/reseaucompassionnetwork.ca\/fr\/wp-json\/wp\/v2\/categories?post=13058"},{"taxonomy":"post_tag","embeddable":true,"href":"https:\/\/reseaucompassionnetwork.ca\/fr\/wp-json\/wp\/v2\/tags?post=13058"}],"curies":[{"name":"wp","href":"https:\/\/api.w.org\/{rel}","templated":true}]}}