

{"id":12328,"date":"2022-12-19T11:33:47","date_gmt":"2022-12-19T17:33:47","guid":{"rendered":"https:\/\/reseaucompassionnetwork.ca\/?p=12328"},"modified":"2022-12-20T10:49:19","modified_gmt":"2022-12-20T16:49:19","slug":"tom-carson-honnetete-leadership-et-passion%ef%bf%bc%ef%bf%bc","status":"publish","type":"post","link":"https:\/\/reseaucompassionnetwork.ca\/fr\/tom-carson-honnetete-leadership-et-passion%ef%bf%bc%ef%bf%bc\/","title":{"rendered":"Tom Carson : honn\u00eatet\u00e9, leadership et passion"},"content":{"rendered":"\n<p>Tom Carson, l\u2019ancien pr\u00e9sident du conseil d\u2019administration de l\u2019H\u00f4pital Saint-Boniface, est d\u00e9c\u00e9d\u00e9 le 16 novembre 2022 \u00e0 l\u2019\u00e2ge de 74 ans. Il laisse derri\u00e8re lui un h\u00e9ritage marqu\u00e9 par l\u2019engagement envers les soins de compassion. Au cours des 12 ann\u00e9es qu\u2019il a pass\u00e9es au sein du conseil d\u2019administration, il a aid\u00e9 l\u2019H\u00f4pital \u00e0 traverser de nombreuses p\u00e9riodes complexes et difficiles.<\/p>\n\n\n\n<p>Nicole Aminot, pr\u00e9sidente-directrice g\u00e9n\u00e9rale actuelle de l\u2019H\u00f4pital, se souvient du temps qu\u2019elle a pass\u00e9 en compagnie de Tom Carson. \u00ab Cela ne fait qu\u2019un an que j\u2019occupe ce poste, mais j\u2019ai toujours \u00e9t\u00e9 consciente du soutien que Tom apportait \u00e0 l\u2019H\u00f4pital, explique-t-elle. Il y a des ann\u00e9es, quand on a commenc\u00e9 \u00e0 parler de la restructuration de certaines op\u00e9rations, il \u00e9tait l\u00e0, \u00e0 l\u2019\u00e9coute du personnel et de la direction pour cerner l\u2019impact que cela pourrait avoir sur l\u2019H\u00f4pital. Il s\u2019est vraiment battu pour nous; il a rencontr\u00e9 des repr\u00e9sentants de l\u2019Office r\u00e9gional de la sant\u00e9 de Winnipeg et de <em>Shared Health<\/em> pour s\u2019assurer que nos voix \u00e9taient entendues. Il comprenait vraiment le fonctionnement de l\u2019H\u00f4pital et ce qu\u2019il fallait pour assurer les meilleurs services possibles.&nbsp;\u00bb<\/p>\n\n\n\n<p>Daniel Lussier, PDG du R\u00e9seau Compassion Network, abonde dans le m\u00eame sens. \u00ab&nbsp;Tom se portait \u00e0 la d\u00e9fense de tout le monde avec tant de d\u00e9termination, raconte-t-il. Il \u00e9tait anim\u00e9 d\u2019un engagement profond envers les gens, envers le personnel et les patients qui franchissaient les portes de l\u2019h\u00f4pital chaque jour.&nbsp;\u00bb<\/p>\n\n\n\n<p>Pour sa part, M<sup>me<\/sup> Aminot regrettera la fa\u00e7on dont M. Carson faisait preuve d\u2019ouverture et d\u2019honn\u00eatet\u00e9 dans ses fonctions de pr\u00e9sident du conseil d\u2019administration. \u00ab J\u2019aimais travailler avec lui en tant que personne, car il \u00e9tait tellement passionn\u00e9, dit-elle. Nous n\u2019avions pas \u00e0 tenter de deviner ce que Tom pensait car il exprimait toujours ses pens\u00e9es! C\u2019\u00e9tait une bouff\u00e9e d\u2019air frais pour moi. Je n\u2019aurais pas pu assumer mes nouvelles fonctions sans son soutien.\u00a0\u00bb<\/p>\n\n\n\n<p>M. Carson \u00e9tait aussi connu pour donner l\u2019exemple et pour fixer des attentes pour les membres du conseil d\u2019administration. \u00ab Il a fortement sugg\u00e9r\u00e9 \u00e0 ses coll\u00e8gues du conseil d\u2019administration qu\u2019une enti\u00e8re participation \u00e0 la Fondation de l\u2019H\u00f4pital Saint-Boniface serait fort appr\u00e9ci\u00e9e, se souvient M<sup>me<\/sup> Aminot, le sourire aux l\u00e8vres. Moins de quelques semaines avant son d\u00e9c\u00e8s, il travaillait \u00e0 la r\u00e9daction d\u2019une autre lettre pour nous encourager tous \u00e0 donner ce que nous pouvions. Et je sais qu\u2019il tendait toujours la main aux gens de la communaut\u00e9 pour les encourager, eux aussi.&nbsp;\u00bb<\/p>\n\n\n\n<p>La pr\u00e9sidence du conseil d\u2019administration de l\u2019H\u00f4pital Saint-Boniface n\u2019est que l\u2019une des fa\u00e7ons dont Tom Carson a redonn\u00e9 \u00e0 ceux et celles qui l\u2019entouraient et \u00e0 sa communaut\u00e9. \u00ab Il \u00e9tait passionn\u00e9 d\u2019art et soutenait fermement l\u2019association <em>Manitoba Artists in Healthcare<\/em>, r\u00e9v\u00e8le Nicole&nbsp;Aminot. C\u2019\u00e9tait aussi un p\u00e8re de famille qui parlait beaucoup de ses enfants et de ses petits-enfants. Il les aimait profond\u00e9ment, \u00e7a se voyait. Et vous n\u2019auriez pas pu trouver plus grand amateur des Jets! Tom \u00e9tait \u00e0 la retraite, mais il ne ralentissait certainement pas la cadence.&nbsp;\u00bb<\/p>\n\n\n\n<p>Pour M. Lussier, l\u2019engagement de M. Carson envers l\u2019art dans les \u00e9tablissements de soins de sant\u00e9 est un autre exemple de la raison pour laquelle il cadrait si bien avec l\u2019H\u00f4pital Saint-Boniface. \u00ab Ce qui permet d\u2019offrir des soins de sant\u00e9 vraiment compatissants, c\u2019est le lien que nous avons les uns avec les autres. Tom avait tout compris. <em>Artists in Healthcare<\/em> a montr\u00e9 que nous devons prendre soin de la personne dans son ensemble, et c\u2019est \u00e9galement l\u2019esprit de notre mission. Tom \u00e9tait un grand chef de file et nous avons eu la chance qu\u2019il nous ait aid\u00e9s \u00e0 traverser des p\u00e9riodes difficiles, comme la pand\u00e9mie.&nbsp;\u00bb<\/p>\n\n\n\n<p>\u00ab Quand j\u2019ai appris la nouvelle de son d\u00e9c\u00e8s, mon c\u0153ur s\u2019est bris\u00e9, conclut M<sup>me <\/sup>Aminot. Lui et moi avons eu peu de temps \u00e0 travailler ensemble, mais je me sens tr\u00e8s, tr\u00e8s privil\u00e9gi\u00e9e d\u2019avoir appris de lui et d\u2019avoir pass\u00e9 du temps avec lui. Il manquera certainement \u00e0 beaucoup de monde ici, \u00e0 Saint-Boniface.&nbsp;\u00bb<\/p>\n","protected":false},"excerpt":{"rendered":"<p>Tom Carson, l\u2019ancien pr\u00e9sident du conseil d\u2019administration de l\u2019H\u00f4pital Saint-Boniface, est d\u00e9c\u00e9d\u00e9 le 16 novembre 2022 \u00e0 l\u2019\u00e2ge de 74 ans. Il laisse derri\u00e8re lui un h\u00e9ritage marqu\u00e9 par l\u2019engagement envers les soins de compassion. Au cours des 12 ann\u00e9es qu\u2019il a pass\u00e9es au sein du conseil d\u2019administration, il a aid\u00e9 l\u2019H\u00f4pital \u00e0 traverser de&hellip; <a class=\"continue\" href=\"https:\/\/reseaucompassionnetwork.ca\/fr\/tom-carson-honnetete-leadership-et-passion%ef%bf%bc%ef%bf%bc\/\">Continue Reading<span> Tom Carson : honn\u00eatet\u00e9, leadership et passion<\/span><\/a><\/p>\n","protected":false},"author":4,"featured_media":12317,"comment_status":"closed","ping_status":"open","sticky":false,"template":"","format":"standard","meta":{"_et_pb_use_builder":"off","_et_pb_old_content":"","_et_gb_content_width":"","_monsterinsights_skip_tracking":false,"_monsterinsights_sitenote_active":false,"_monsterinsights_sitenote_note":"","_monsterinsights_sitenote_category":0,"footnotes":""},"categories":[120,78],"tags":[],"class_list":["post-12328","post","type-post","status-publish","format-standard","has-post-thumbnail","hentry","category-stboniface-fr","category-profils"],"_links":{"self":[{"href":"https:\/\/reseaucompassionnetwork.ca\/fr\/wp-json\/wp\/v2\/posts\/12328","targetHints":{"allow":["GET"]}}],"collection":[{"href":"https:\/\/reseaucompassionnetwork.ca\/fr\/wp-json\/wp\/v2\/posts"}],"about":[{"href":"https:\/\/reseaucompassionnetwork.ca\/fr\/wp-json\/wp\/v2\/types\/post"}],"author":[{"embeddable":true,"href":"https:\/\/reseaucompassionnetwork.ca\/fr\/wp-json\/wp\/v2\/users\/4"}],"replies":[{"embeddable":true,"href":"https:\/\/reseaucompassionnetwork.ca\/fr\/wp-json\/wp\/v2\/comments?post=12328"}],"version-history":[{"count":4,"href":"https:\/\/reseaucompassionnetwork.ca\/fr\/wp-json\/wp\/v2\/posts\/12328\/revisions"}],"predecessor-version":[{"id":12362,"href":"https:\/\/reseaucompassionnetwork.ca\/fr\/wp-json\/wp\/v2\/posts\/12328\/revisions\/12362"}],"wp:featuredmedia":[{"embeddable":true,"href":"https:\/\/reseaucompassionnetwork.ca\/fr\/wp-json\/wp\/v2\/media\/12317"}],"wp:attachment":[{"href":"https:\/\/reseaucompassionnetwork.ca\/fr\/wp-json\/wp\/v2\/media?parent=12328"}],"wp:term":[{"taxonomy":"category","embeddable":true,"href":"https:\/\/reseaucompassionnetwork.ca\/fr\/wp-json\/wp\/v2\/categories?post=12328"},{"taxonomy":"post_tag","embeddable":true,"href":"https:\/\/reseaucompassionnetwork.ca\/fr\/wp-json\/wp\/v2\/tags?post=12328"}],"curies":[{"name":"wp","href":"https:\/\/api.w.org\/{rel}","templated":true}]}}