

{"id":12176,"date":"2022-11-29T15:11:58","date_gmt":"2022-11-29T21:11:58","guid":{"rendered":"https:\/\/reseaucompassionnetwork.ca\/?p=12176"},"modified":"2022-11-29T15:14:30","modified_gmt":"2022-11-29T21:14:30","slug":"le-mot-du-coeur-4","status":"publish","type":"post","link":"https:\/\/reseaucompassionnetwork.ca\/fr\/le-mot-du-coeur-4\/","title":{"rendered":"Le mot du coeur"},"content":{"rendered":"\n<p><em>Le mot du c\u0153ur est un espace pour les r\u00e9flexions de notre personnel sur les questions qui comptent pour eux, pour notre r\u00e9seau et, surtout, pour ceux que nous c\u00f4toyons.<\/em><\/p>\n\n\n\n<p><em>Ce mois-ci, notre comptable, Muriel Therrien, d\u00e9crit l&rsquo;exp\u00e9rience \u00e9mouvante d&rsquo;acceuillir une famille ukrainienne \u00e0 Winnipeg.<\/em><\/p>\n\n\n\n<p>Au printemps 2022, on a annonc\u00e9 aux Manitobains qu\u2019il y aurait une premi\u00e8re vague de r\u00e9fugi\u00e9s arrivant dans notre province en raison du conflit en Ukraine. Ma fille M\u00e9lanie Therrien-H\u00e9bert, travailleuse sociale, s\u2019est inscrite comme b\u00e9n\u00e9vole aupr\u00e8s du Congr\u00e8s des Ukrainiens Canadiens pour venir en aide \u00e0 une famille ukrainienne. Quelques mois ont pass\u00e9, et voil\u00e0 qu\u2019un jour, M\u00e9lanie a \u00e9t\u00e9 jumel\u00e9e avec une famille nouvellement arriv\u00e9e \u00e0 Winnipeg \u2013 une m\u00e8re et ses enfants \u00e2g\u00e9s de 17 et de 14 ans. Accueillir une famille d\u00e9plac\u00e9e par la guerre \u00e9tait une initiative \u00e0 laquelle &nbsp;j\u2019ai voulu moi aussi contribuer, car c\u2019\u00e9tait une occasion de faire une diff\u00e9rence.<\/p>\n\n\n\n<p>M\u00e9lanie et moi avons rapidement constat\u00e9 que les familles d\u00e9plac\u00e9es peuvent faire face \u00e0 de nombreux obstacles, y compris les d\u00e9fis de langue et de recherche d\u2019emploi, du choix des \u00e9coles et des modes de transport convenables. Il faut aussi faciliter leur acc\u00e8s \u00e0 une saine alimentation, \u00e0 des v\u00eatements et \u00e0 des soins m\u00e9dicaux, et les aider \u00e0 remplir divers documents. Par cons\u00e9quent, nous avons choisi, dans un premier temps, d\u2019\u00e9valuer les plus grands besoins de cette famille. Nous avons visit\u00e9 le Centre Flavie, organisme membre du R\u00e9seau Compassion Network, et le Congr\u00e8s des Ukrainiens Canadiens, des banques alimentaires et plusieurs autres endroits pour obtenir des v\u00eatements et de la nourriture. Bien que nous ayons r\u00e9ussi \u00e0 trouver certains items pour la famille, de toute \u00e9vidence, nous devions faire appel \u00e0 nos familles, nos coll\u00e8gues et nos r\u00e9seaux d\u2019amis pour r\u00e9pondre aux multiples besoins qui se pr\u00e9sentaient en cours de route.<\/p>\n\n\n\n<p>Le message s\u2019est rapidement r\u00e9pandu et avant longtemps, nous nous sommes retrouv\u00e9es avec des dons de v\u00eatements et d\u2019aliments frais et en conserve, des cartes cadeaux et de l\u2019argent comptant. De plus, nous avons re\u00e7u pour cette famille des offres d\u2019emplois et de cours d\u2019anglais, et m\u00eame des billets pour des sorties culturelles! Certains jeunes de la communaut\u00e9 ont offert d\u2019accompagner les adolescents au magasin ou \u00e0 leur toute premi\u00e8re partie de football canadien; un accueil certainement chaleureux et cr\u00e9atif de la part des jeunes et pour lequel nous sommes tr\u00e8s reconnaissantes. La soir\u00e9e la plus mouvement\u00e9e et amusante a \u00e9t\u00e9 l\u2019Halloween \u2013 que les nouveaux arrivants ont v\u00e9cue pour la premi\u00e8re fois! Costum\u00e9s, ils sont all\u00e9s de porte en porte et se sont bien rempli le ventre de sucreries! C\u2019\u00e9tait pour eux une exp\u00e9rience inoubliable!<\/p>\n\n\n\n<div class=\"wp-block-image\"><figure class=\"alignleft size-full is-resized\"><img loading=\"lazy\" decoding=\"async\" src=\"https:\/\/reseaucompassionnetwork.ca\/wp-content\/uploads\/2022\/11\/Family.jpg\" alt=\"\" class=\"wp-image-12170\" width=\"244\" height=\"324\"\/><figcaption>La famille ukrainienne lors de leur premi\u00e8re visite au <em>Centennial Concert Hall.<\/em><\/figcaption><\/figure><\/div>\n\n\n\n<p>La m\u00e8re a fait preuve de d\u00e9brouillardise en trouvant un appartement pour la famille. Motiv\u00e9e, elle a choisi d\u2019apprendre l\u2019anglais d\u00e8s le d\u00e9part, afin de faciliter son int\u00e9gration dans la communaut\u00e9 manitobaine. Form\u00e9e en soins infirmiers ainsi qu\u2019en &nbsp;gestion, marketing et sciences \u00e9conomiques, elle a r\u00e9ussi \u00e0 d\u00e9crocher son premier emploi temporaire au Canada, malgr\u00e9 qu\u2019il ne soit pas dans ces domaines.&nbsp; Son fils de 17 ans a obtenu un travail \u00e0 la Red River Co-op pr\u00e8s du domicile familial, et sa fille, dou\u00e9e pour les sports, a \u00e9t\u00e9 accueillie dans l\u2019\u00e9quipe de volleyball de sa nouvelle \u00e9cole. C\u2019est vraiment inspirant de voir la t\u00e9nacit\u00e9 de cette famille \u00e0 vouloir r\u00e9ussir et s\u2019adapter \u00e0 une vie au Canada, malgr\u00e9 tous les obstacles qui se pr\u00e9sentent. Notre but commun est simple \u2013 que cette famille vive une vie enrichissante ici au Canada.<\/p>\n\n\n\n<p>Une grande amiti\u00e9 s\u2019est d\u00e9velopp\u00e9e entre nous tous, et elle continue de grandir en d\u00e9pit de nos diff\u00e9rences langagi\u00e8res et culturelles. Nous en sommes venues \u00e0 la conclusion que cette famille nous apporte beaucoup de joie et que finalement, elle contribue grandement \u00e0 notre croissance personnelle.<\/p>\n\n\n\n<p>De la perspective des membres de cette famille, ils reconnaissent qu\u2019un r\u00e9seau s\u2019est mobilis\u00e9 pour leur venir en aide, qu\u2019il d\u00e9montre de la compassion et une g\u00e9n\u00e9rosit\u00e9 envers eux, et qu\u2019il fait son possible pour contribuer \u00e0 leur bien-\u00eatre. Par ce fait, cette famille semble se sentir bien entour\u00e9e, et non pas isol\u00e9e.<\/p>\n\n\n\n<p>M\u00e9lanie et moi-m\u00eame sommes r\u00e9ellement touch\u00e9es par le d\u00e9vouement de nos familles, coll\u00e8gues et amis. Nous aimerions saisir cette occasion pour remercier les gens qui ont pris le temps de nous \u00e9pauler durant ce parcours, et qui continuent \u00e0 appuyer cette famille ukrainienne, ainsi que bien d\u2019autres.<\/p>\n\n\n\n<p>Comme le proverbe indique, \u00ab&nbsp;<em>\u00c7a prend tout un village pour \u00e9lever un enfant&nbsp;<\/em>\u00bb, dans le pr\u00e9sent cas,\u00ab<em>&nbsp;\u00e7a prend toute une communaut\u00e9 g\u00e9n\u00e9reuse pour \u00e9pauler une famille dans le besoin&nbsp;<\/em>\u00bb. Du fond du c\u0153ur, merci \u00e0 vous tous, et surtout, merci \u00e0 \u00ab&nbsp;notre petite famille ukrainienne&nbsp;\u00bb qui nous d\u00e9montre le vrai sens de la reconnaissance, de l\u2019appr\u00e9ciation, de la r\u00e9silience et de l\u2019amiti\u00e9.<\/p>\n\n\n\n<p><em>Vous vous sentez inspir\u00e9 et vous voulez aider cette famille ? Il y a quelques domaines o\u00f9 ils ont encore besoin d&rsquo;un soutien suppl\u00e9mentaire : des occasions de pratiquer leur anglais (une visite sociale !), des occasions d&rsquo;apprendre \u00e0 conna\u00eetre Winnipeg en assistant \u00e0 des \u00e9v\u00e9nements locaux comme des spectacles de No\u00ebl ou des matchs sportifs, ou des id\u00e9es d&#8217;emploi sont les bienvenues. Vous pouvez un message chez <a href=\"mailto:communications@reseaucompassionnetwork.ca\">communications@reseaucompassionnetwork.ca<\/a> si vous souhaitez vous impliquer !<\/em><\/p>\n","protected":false},"excerpt":{"rendered":"<p>Le mot du c\u0153ur est un espace pour les r\u00e9flexions de notre personnel sur les questions qui comptent pour eux, pour notre r\u00e9seau et, surtout, pour ceux que nous c\u00f4toyons. Ce mois-ci, notre comptable, Muriel Therrien, d\u00e9crit l&rsquo;exp\u00e9rience \u00e9mouvante d&rsquo;acceuillir une famille ukrainienne \u00e0 Winnipeg. Au printemps 2022, on a annonc\u00e9 aux Manitobains qu\u2019il y&hellip; <a class=\"continue\" href=\"https:\/\/reseaucompassionnetwork.ca\/fr\/le-mot-du-coeur-4\/\">Continue Reading<span> Le mot du coeur<\/span><\/a><\/p>\n","protected":false},"author":4,"featured_media":12175,"comment_status":"closed","ping_status":"open","sticky":false,"template":"","format":"standard","meta":{"_et_pb_use_builder":"off","_et_pb_old_content":"","_et_gb_content_width":"","_monsterinsights_skip_tracking":false,"_monsterinsights_sitenote_active":false,"_monsterinsights_sitenote_note":"","_monsterinsights_sitenote_category":0,"footnotes":""},"categories":[131],"tags":[],"class_list":["post-12176","post","type-post","status-publish","format-standard","has-post-thumbnail","hentry","category-le-mot-du-coeur"],"_links":{"self":[{"href":"https:\/\/reseaucompassionnetwork.ca\/fr\/wp-json\/wp\/v2\/posts\/12176","targetHints":{"allow":["GET"]}}],"collection":[{"href":"https:\/\/reseaucompassionnetwork.ca\/fr\/wp-json\/wp\/v2\/posts"}],"about":[{"href":"https:\/\/reseaucompassionnetwork.ca\/fr\/wp-json\/wp\/v2\/types\/post"}],"author":[{"embeddable":true,"href":"https:\/\/reseaucompassionnetwork.ca\/fr\/wp-json\/wp\/v2\/users\/4"}],"replies":[{"embeddable":true,"href":"https:\/\/reseaucompassionnetwork.ca\/fr\/wp-json\/wp\/v2\/comments?post=12176"}],"version-history":[{"count":2,"href":"https:\/\/reseaucompassionnetwork.ca\/fr\/wp-json\/wp\/v2\/posts\/12176\/revisions"}],"predecessor-version":[{"id":12178,"href":"https:\/\/reseaucompassionnetwork.ca\/fr\/wp-json\/wp\/v2\/posts\/12176\/revisions\/12178"}],"wp:featuredmedia":[{"embeddable":true,"href":"https:\/\/reseaucompassionnetwork.ca\/fr\/wp-json\/wp\/v2\/media\/12175"}],"wp:attachment":[{"href":"https:\/\/reseaucompassionnetwork.ca\/fr\/wp-json\/wp\/v2\/media?parent=12176"}],"wp:term":[{"taxonomy":"category","embeddable":true,"href":"https:\/\/reseaucompassionnetwork.ca\/fr\/wp-json\/wp\/v2\/categories?post=12176"},{"taxonomy":"post_tag","embeddable":true,"href":"https:\/\/reseaucompassionnetwork.ca\/fr\/wp-json\/wp\/v2\/tags?post=12176"}],"curies":[{"name":"wp","href":"https:\/\/api.w.org\/{rel}","templated":true}]}}