

{"id":11972,"date":"2022-10-28T09:45:31","date_gmt":"2022-10-28T14:45:31","guid":{"rendered":"https:\/\/reseaucompassionnetwork.ca\/?p=11972"},"modified":"2022-10-28T09:45:51","modified_gmt":"2022-10-28T14:45:51","slug":"le-mot-du-coeur-3","status":"publish","type":"post","link":"https:\/\/reseaucompassionnetwork.ca\/fr\/le-mot-du-coeur-3\/","title":{"rendered":"Le mot du coeur"},"content":{"rendered":"\n<p>Depuis aussi loin que je me souvienne, je pense la plupart des jours \u00e0 l\u2019exp\u00e9rience des personnes handicap\u00e9es. Au milieu des ann\u00e9es&nbsp;1980, apr\u00e8s avoir consacr\u00e9 15&nbsp;ans \u00e0 l\u2019\u00e9ducation de ses enfants, ma m\u00e8re est retourn\u00e9e sur le march\u00e9 du travail. Elle a commenc\u00e9 \u00e0 travailler en tant qu\u2019assistante en \u00e9ducation (AE) aupr\u00e8s d\u2019\u00e9l\u00e8ves handicap\u00e9s. Pendant plus de 20&nbsp;ans, elle nous a parl\u00e9 de son travail qu\u2019elle adorait. Une photo remise par un de ses \u00e9l\u00e8ves pr\u00e9f\u00e9r\u00e9s se trouve toujours sur son piano.<\/p>\n\n\n\n<p>En 11<sup>e<\/sup>&nbsp;ann\u00e9e, je suis devenu entra\u00eeneur de natation b\u00e9n\u00e9vole pour les Jeux olympiques sp\u00e9ciaux. J\u2019ai re\u00e7u beaucoup au sein de cette \u00e9quipe. Je ne percevais pas cela comme un cadeau \u00e0 l\u2019\u00e9poque, mais je ressentais quelque chose de sp\u00e9cial. Je me souviens particuli\u00e8rement d\u2019un nageur. On pouvait lire en lui comme dans un livre ouvert. Il \u00e9tait si honn\u00eate. Il pouvait ressentir de la joie et de la tristesse dans la m\u00eame minute et ne s\u2019en cachait pas. Je me sentais proche de lui. Avec le recul, je constate qu\u2019il a \u00e9t\u00e9 l\u2019une des premi\u00e8res personnes \u00e0 m\u2019enseigner \u00e0 avoir du courage face aux vuln\u00e9rabilit\u00e9s.<\/p>\n\n\n\n<p>Je croisais souvent deux des athl\u00e8tes que j\u2019entra\u00eenais \u00e0 mon \u00e9cole secondaire. Ils passaient une partie de leur journ\u00e9e au centre de ressources. J\u2019y allais \u00e0 l\u2019occasion pour faire une visite, parler avec les enseignants-ressources et utiliser le logiciel sur les choix de carri\u00e8res pour essayer de savoir ce que j\u2019allais faire dans la vie. Vers la fin de ma 11<sup>e<\/sup>&nbsp;ann\u00e9e, j\u2019avais appris \u00e0 conna\u00eetre quelques-uns des enseignants et de nouveaux \u00e9l\u00e8ves du centre de ressources. Je n\u2019avais toutefois pas trouv\u00e9 ma vocation, en tout cas, pas \u00e0 l\u2019aide du logiciel.<\/p>\n\n\n\n<p>Durant une pause-repas au d\u00e9but de ma 12<sup>e<\/sup>&nbsp;ann\u00e9e, alors que je marchais dans les corridors de l\u2019\u00e9cole qui comptait quelque 1 400&nbsp;\u00e9l\u00e8ves, j\u2019ai \u00e9t\u00e9 t\u00e9moin d\u2019un \u00e9v\u00e9nement durant lequel une \u00e9l\u00e8ve ayant une d\u00e9ficience d\u00e9veloppementale \u00e9tait ridiculis\u00e9e par un groupe form\u00e9 de plusieurs \u00e9l\u00e8ves. Un \u00e9l\u00e8ve \u00e9tait l\u2019intimidateur et les autres riaient de la situation. H\u00e9las, elle riait avec eux, comme si elle faisait partie \u00e0 parts \u00e9gales de ce groupe. \u00c7a m\u2019a bris\u00e9 le c\u0153ur. J\u2019ai ressenti de la col\u00e8re. Je ne savais pas comment r\u00e9agir \u00e0 cette situation. Le vendredi suivant, j\u2019ai quitt\u00e9 cette \u00e9cole pour de bon. C\u2019est du moins ce que je croyais \u00e0 l\u2019\u00e9poque.<\/p>\n\n\n\n<p>J\u2019ai trouv\u00e9 ma place dans une \u00e9cole beaucoup plus petite. J\u2019ai obtenu mon dipl\u00f4me et je me sentais aussi un peu mieux dans ma peau. Le souvenir de cet \u00e9v\u00e9nement survenu ce midi d\u2019octobre durant la pause-repas ne s\u2019est jamais effac\u00e9 de ma m\u00e9moire. Je pense \u00e0 l\u2019\u00e9l\u00e8ve qui se faisait intimider. Je pense aussi \u00e0 l\u2019intimidateur qui ridiculisait quelqu\u2019un d\u2019autre pour se faire accepter. J\u2019ai aussi de la compassion pour lui.<\/p>\n\n\n\n<p>L\u2019ann\u00e9e suivant l\u2019obtention de mon dipl\u00f4me, je suis retourn\u00e9 \u00e0 ma premi\u00e8re \u00e9cole secondaire pour entreprendre ma carri\u00e8re d\u2019AE aupr\u00e8s d\u2019\u00e9l\u00e8ves ayant des d\u00e9ficiences d\u00e9veloppementales ou physiques et d\u2019\u00e9l\u00e8ves autistes. Certains de ces \u00e9l\u00e8ves \u00e9taient d\u00e9j\u00e0 mes amis. J&rsquo;ai travaill\u00e9 dans quatre \u00e9coles aupr\u00e8s d&rsquo;\u00e9l\u00e8ves de tous les \u00e2ges. Le dernier \u00e9l\u00e8ve que j\u2019ai encadr\u00e9 avant de mettre un terme \u00e0 ma carri\u00e8re d\u2019AE demeure l\u2019un de mes meilleurs amis (et enseignants).<\/p>\n\n\n\n<p>Au cours des trois d\u00e9cennies qui se sont \u00e9coul\u00e9es depuis, j\u2019ai jou\u00e9 divers r\u00f4les&nbsp;: assistant p\u00e9diatrique clinique, soignant de rel\u00e8ve, massoth\u00e9rapeute sp\u00e9cialis\u00e9 en soins du syst\u00e8me nerveux et coordonnateur pour la campagne du Timbre de P\u00e2ques. Je suis maintenant facilitateur de pleine conscience et compassion et intervenant en soins spirituels \u00e0 St.Amant. Chaque jour, j\u2019ai le privil\u00e8ge d\u2019en apprendre plus sur la conscience de soi, de trouver un but et un sens \u00e0 la vie et de ressentir un sentiment d\u2019appartenance en partageant mes valeurs avec d\u2019autres personnes. Voil\u00e0 en quoi consiste la sant\u00e9 spirituelle, le travail que je fais \u00e0 titre d\u2019accompagnateur.<\/p>\n\n\n\n<p>Quelles que soient nos croyances, notre sant\u00e9 ou nos capacit\u00e9s, nous cherchons tous et toutes \u00e0 nous connecter \u00e0 l\u2019esprit de la vie. Peu importe le r\u00f4le jou\u00e9 par les professionnels de la sant\u00e9 et des services \u00e0 la personne, nous cultivons notre esprit par le travail valorisant que nous faisons au quotidien. De plus, nous avons le privil\u00e8ge d\u2019accompagner des gens afin de d\u00e9manteler les barri\u00e8res auxquelles ils font face pour les aider \u00e0 obtenir le meilleur d\u2019eux-m\u00eames. Quel cadeau! Chaque jour, je ressens de la gratitude pour toutes les personnes qui m\u2019ont aid\u00e9 \u00e0 trouver ma voie ici, dans une vocation ancr\u00e9e dans l\u2019empathie, la compassion et une humanit\u00e9 commune. C\u2019est une v\u00e9ritable b\u00e9n\u00e9diction de mener une bonne vie. Merci maman xo!<\/p>\n","protected":false},"excerpt":{"rendered":"<p>Depuis aussi loin que je me souvienne, je pense la plupart des jours \u00e0 l\u2019exp\u00e9rience des personnes handicap\u00e9es. Au milieu des ann\u00e9es&nbsp;1980, apr\u00e8s avoir consacr\u00e9 15&nbsp;ans \u00e0 l\u2019\u00e9ducation de ses enfants, ma m\u00e8re est retourn\u00e9e sur le march\u00e9 du travail. Elle a commenc\u00e9 \u00e0 travailler en tant qu\u2019assistante en \u00e9ducation (AE) aupr\u00e8s d\u2019\u00e9l\u00e8ves handicap\u00e9s. Pendant&hellip; <a class=\"continue\" href=\"https:\/\/reseaucompassionnetwork.ca\/fr\/le-mot-du-coeur-3\/\">Continue Reading<span> Le mot du coeur<\/span><\/a><\/p>\n","protected":false},"author":4,"featured_media":11755,"comment_status":"closed","ping_status":"open","sticky":false,"template":"","format":"standard","meta":{"_et_pb_use_builder":"off","_et_pb_old_content":"","_et_gb_content_width":"","_monsterinsights_skip_tracking":false,"_monsterinsights_sitenote_active":false,"_monsterinsights_sitenote_note":"","_monsterinsights_sitenote_category":0,"footnotes":""},"categories":[131],"tags":[],"class_list":["post-11972","post","type-post","status-publish","format-standard","has-post-thumbnail","hentry","category-le-mot-du-coeur"],"_links":{"self":[{"href":"https:\/\/reseaucompassionnetwork.ca\/fr\/wp-json\/wp\/v2\/posts\/11972","targetHints":{"allow":["GET"]}}],"collection":[{"href":"https:\/\/reseaucompassionnetwork.ca\/fr\/wp-json\/wp\/v2\/posts"}],"about":[{"href":"https:\/\/reseaucompassionnetwork.ca\/fr\/wp-json\/wp\/v2\/types\/post"}],"author":[{"embeddable":true,"href":"https:\/\/reseaucompassionnetwork.ca\/fr\/wp-json\/wp\/v2\/users\/4"}],"replies":[{"embeddable":true,"href":"https:\/\/reseaucompassionnetwork.ca\/fr\/wp-json\/wp\/v2\/comments?post=11972"}],"version-history":[{"count":1,"href":"https:\/\/reseaucompassionnetwork.ca\/fr\/wp-json\/wp\/v2\/posts\/11972\/revisions"}],"predecessor-version":[{"id":11973,"href":"https:\/\/reseaucompassionnetwork.ca\/fr\/wp-json\/wp\/v2\/posts\/11972\/revisions\/11973"}],"wp:featuredmedia":[{"embeddable":true,"href":"https:\/\/reseaucompassionnetwork.ca\/fr\/wp-json\/wp\/v2\/media\/11755"}],"wp:attachment":[{"href":"https:\/\/reseaucompassionnetwork.ca\/fr\/wp-json\/wp\/v2\/media?parent=11972"}],"wp:term":[{"taxonomy":"category","embeddable":true,"href":"https:\/\/reseaucompassionnetwork.ca\/fr\/wp-json\/wp\/v2\/categories?post=11972"},{"taxonomy":"post_tag","embeddable":true,"href":"https:\/\/reseaucompassionnetwork.ca\/fr\/wp-json\/wp\/v2\/tags?post=11972"}],"curies":[{"name":"wp","href":"https:\/\/api.w.org\/{rel}","templated":true}]}}