

{"id":11845,"date":"2022-09-29T13:17:22","date_gmt":"2022-09-29T18:17:22","guid":{"rendered":"https:\/\/reseaucompassionnetwork.ca\/?p=11845"},"modified":"2022-09-29T14:14:30","modified_gmt":"2022-09-29T19:14:30","slug":"le-mot-du-coeur-septembre-2022","status":"publish","type":"post","link":"https:\/\/reseaucompassionnetwork.ca\/fr\/le-mot-du-coeur-septembre-2022\/","title":{"rendered":"Le mot du coeur"},"content":{"rendered":"\n<p><em>Le mot du c\u0153ur est un espace pour les r\u00e9flexions de notre personnel sur les questions qui comptent pour eux, pour notre r\u00e9seau et, surtout, pour ceux que nous c\u00f4toyons.<\/em><\/p>\n\n\n\n<p>Cet \u00e9t\u00e9, j\u2019ai \u00e9t\u00e9 invit\u00e9 \u00e0 assister \u00e0 l\u2019offre d\u2019excuses du pape Fran\u00e7ois pour le traitement des enfants autochtones dans les pensionnats, lors de son passage \u00e0 Maskwacis, en Alberta. L\u2019archev\u00eaque LeGatt, qui a aid\u00e9 \u00e0 organiser le voyage, m\u2019a donn\u00e9 l\u2019occasion de poursuivre mon parcours d\u2019apprentissage et de d\u00e9sapprentissage, et j\u2019ai eu le privil\u00e8ge de voyager dans l\u2019Ouest avec un groupe de survivants et leurs familles.<\/p>\n\n\n\n<p>Des dizaines d\u2019entre nous ont pris l\u2019autobus qui nous a conduits de Winnipeg au terrain de l\u2019ancien pensionnat d\u2019Ermineskin, situ\u00e9 \u00e0 environ 70 kilom\u00e8tres au sud de la ville d\u2019Edmonton. Le pape y a pris la parole, dans un lieu qui \u00e9voque de nombreux souvenirs pour celles et ceux qui ont \u00e9t\u00e9 forc\u00e9s de fr\u00e9quenter les pensionnats. Ce fut un moment fort pour toutes les personnes pr\u00e9sentes.<\/p>\n\n\n\n<p>Bien qu\u2019il ne m\u2019appartienne pas de parler des exp\u00e9riences ou des points de vue d\u2019autrui, j\u2019aimerais partager deux citations tir\u00e9es des excuses du pape qui, je crois, s\u2019av\u00e8reront &nbsp;utiles de se rem\u00e9morer dans le cadre des efforts de r\u00e9conciliation engag\u00e9s au sein de notre r\u00e9seau.&nbsp;<\/p>\n\n\n\n<figure class=\"wp-block-gallery has-nested-images columns-default is-cropped wp-block-gallery-1 is-layout-flex wp-block-gallery-is-layout-flex\">\n<figure class=\"wp-block-image size-large\"><img loading=\"lazy\" decoding=\"async\" width=\"555\" height=\"416\" data-id=\"11865\" src=\"https:\/\/reseaucompassionnetwork.ca\/wp-content\/uploads\/2022\/09\/Pope-Visit-01.jpeg\" alt=\"\" class=\"wp-image-11865\" srcset=\"https:\/\/reseaucompassionnetwork.ca\/wp-content\/uploads\/2022\/09\/Pope-Visit-01.jpeg 555w, https:\/\/reseaucompassionnetwork.ca\/wp-content\/uploads\/2022\/09\/Pope-Visit-01-480x360.jpeg 480w\" sizes=\"(min-width: 0px) and (max-width: 480px) 480px, (min-width: 481px) 555px, 100vw\" \/><\/figure>\n\n\n\n<figure class=\"wp-block-image size-large\"><img loading=\"lazy\" decoding=\"async\" width=\"555\" height=\"416\" data-id=\"11867\" src=\"https:\/\/reseaucompassionnetwork.ca\/wp-content\/uploads\/2022\/09\/Pope-Visit-02.jpeg\" alt=\"\" class=\"wp-image-11867\" srcset=\"https:\/\/reseaucompassionnetwork.ca\/wp-content\/uploads\/2022\/09\/Pope-Visit-02.jpeg 555w, https:\/\/reseaucompassionnetwork.ca\/wp-content\/uploads\/2022\/09\/Pope-Visit-02-480x360.jpeg 480w\" sizes=\"(min-width: 0px) and (max-width: 480px) 480px, (min-width: 481px) 555px, 100vw\" \/><\/figure>\n<figcaption class=\"blocks-gallery-caption\">photos : gracieuset\u00e9 de l&rsquo;Archidioc\u00e8se de Saint-Boniface<\/figcaption><\/figure>\n\n\n\n<p>\u00ab&nbsp;Il est cependant important de faire preuve de m\u00e9moire pour \u00e9viter l\u2019oubli, parce que l\u2019oubli m\u00e8ne \u00e0 l\u2019indiff\u00e9rence. Et le contraire de l\u2019amour, ce n\u2019est pas la haine, c\u2019est l\u2019indiff\u00e9rence [\u2026] le contraire de la vie, ce n\u2019est pas la mort, c\u2019est l\u2019indiff\u00e9rence.&nbsp;\u00bb<\/p>\n\n\n\n<p>Pour moi, tant sur le plan personnel qu\u2019\u00e0 titre de leader dans mon milieu de travail, c\u2019est un rappel que nos efforts doivent d\u2019abord viser l\u2019atteinte d\u2019une meilleure compr\u00e9hension et connaissance. Plus nous apprenons et d\u00e9sapprenons, moins nous pouvons \u00eatre indiff\u00e9rents \u00e0 la suite des choses. Une fois que nos c\u0153urs sont ouverts, nous ne pouvons plus d\u00e9tourner le regard ni faire preuve d\u2019indiff\u00e9rence. Ce principe directeur nous rappelle que nous ne risquons pas de nous tromper si nous dirigeons avec le c\u0153ur.<\/p>\n\n\n\n<p>Puis, en \u00e9voquant la voie \u00e0 suivre, le souverain pontife a \u00e9galement d\u00e9clar\u00e9&nbsp;: \u00ab&nbsp;Nous parlons de processus qui doivent p\u00e9n\u00e9trer les c\u0153urs.&nbsp;\u00bb<\/p>\n\n\n\n<figure class=\"wp-block-gallery has-nested-images columns-default is-cropped wp-block-gallery-2 is-layout-flex wp-block-gallery-is-layout-flex\">\n<figure class=\"wp-block-image size-large\"><img loading=\"lazy\" decoding=\"async\" width=\"555\" height=\"370\" data-id=\"11871\" src=\"https:\/\/reseaucompassionnetwork.ca\/wp-content\/uploads\/2022\/09\/Pope-Visit-04.jpeg\" alt=\"\" class=\"wp-image-11871\" srcset=\"https:\/\/reseaucompassionnetwork.ca\/wp-content\/uploads\/2022\/09\/Pope-Visit-04.jpeg 555w, https:\/\/reseaucompassionnetwork.ca\/wp-content\/uploads\/2022\/09\/Pope-Visit-04-480x320.jpeg 480w\" sizes=\"(min-width: 0px) and (max-width: 480px) 480px, (min-width: 481px) 555px, 100vw\" \/><\/figure>\n\n\n\n<figure class=\"wp-block-image size-large\"><img loading=\"lazy\" decoding=\"async\" width=\"555\" height=\"370\" data-id=\"11869\" src=\"https:\/\/reseaucompassionnetwork.ca\/wp-content\/uploads\/2022\/09\/Pope-Visit-03.jpeg\" alt=\"\" class=\"wp-image-11869\" srcset=\"https:\/\/reseaucompassionnetwork.ca\/wp-content\/uploads\/2022\/09\/Pope-Visit-03.jpeg 555w, https:\/\/reseaucompassionnetwork.ca\/wp-content\/uploads\/2022\/09\/Pope-Visit-03-480x320.jpeg 480w\" sizes=\"(min-width: 0px) and (max-width: 480px) 480px, (min-width: 481px) 555px, 100vw\" \/><\/figure>\n<figcaption class=\"blocks-gallery-caption\">photos : gracieuset\u00e9 de l&rsquo;Archidioc\u00e8se de Saint-Boniface<\/figcaption><\/figure>\n\n\n\n<p>Ces mots parlent \u00e9galement de la voie sur laquelle nous nous engageons. De nombreux inconnus nous attendent au R\u00e9seau Compassion Network. Nous travaillons avec un cercle consultatif autochtone et un groupe de travail qui nous aident \u00e0 planifier une retraite de r\u00e9conciliation pr\u00e9vue pour novembre prochain. Nous esp\u00e9rons que ce temps privil\u00e9gi\u00e9 offert permettra aux membres de notre r\u00e9seau de se rassembler et de mieux comprendre ce qui est n\u00e9cessaire d\u2019\u00e9tablir dans nos vies pour aller de l\u2019avant de mani\u00e8re respectueuse et inclusive. Nous voulons cocr\u00e9er des espaces, des organisations et des services qui sont non seulement r\u00e9concili\u00e9s, mais aussi respectueux et fiables pour toutes les personnes qui franchissent nos portes.<\/p>\n\n\n\n<p>Nous nous demandons souvent si nous en faisons assez, si nous comprenons suffisamment bien, si nous pouvons vraiment exercer une influence positive dans nos organisations et nos communaut\u00e9s. Les mots prononc\u00e9s par le pape Fran\u00e7ois me rappellent que si nous trouvons des moyens de nous connecter, de comprendre et de ressentir profond\u00e9ment l\u2019importance de ce travail, nous ne pouvons qu\u2019avancer de fa\u00e7on constructive.<\/p>\n\n\n\n<p>Ce fut un privil\u00e8ge de rencontrer des survivants et d\u2019apprendre de ces personnes, et au-del\u00e0 des excuses elles-m\u00eames, ce que j\u2019ai ressenti profond\u00e9ment, c\u2019est que nous devons avancer ensemble. Nous sommes reconnaissants \u00e0 tous les membres des communaut\u00e9s autochtones qui ont si g\u00e9n\u00e9reusement offert de partager leurs connaissances avec nous, de nous accompagner sur la voie de la r\u00e9conciliation, et de nous permettre de trouver l\u2019\u00e9quilibre entre mener et suivre. Ce sont de v\u00e9ritables cadeaux, et nous les ch\u00e9rissons sinc\u00e8rement.<\/p>\n\n\n\n<p>En ce d\u00e9but de saison automnale charg\u00e9e, c\u2019est avec joie que nous r\u00e9fl\u00e9chissons, planifions et apprenons ensemble, afin de trouver des moyens de p\u00e9n\u00e9trer le c\u0153ur de toutes les personnes avec qui nous travaillons, que nous soignons et que nous soutenons. Merci de marcher avec nous sur le chemin de la r\u00e9conciliation.<\/p>\n","protected":false},"excerpt":{"rendered":"<p>Le mot du c\u0153ur est un espace pour les r\u00e9flexions de notre personnel sur les questions qui comptent pour eux, pour notre r\u00e9seau et, surtout, pour ceux que nous c\u00f4toyons. Cet \u00e9t\u00e9, j\u2019ai \u00e9t\u00e9 invit\u00e9 \u00e0 assister \u00e0 l\u2019offre d\u2019excuses du pape Fran\u00e7ois pour le traitement des enfants autochtones dans les pensionnats, lors de son&hellip; <a class=\"continue\" href=\"https:\/\/reseaucompassionnetwork.ca\/fr\/le-mot-du-coeur-septembre-2022\/\">Continue Reading<span> Le mot du coeur<\/span><\/a><\/p>\n","protected":false},"author":4,"featured_media":11820,"comment_status":"closed","ping_status":"open","sticky":false,"template":"","format":"standard","meta":{"_et_pb_use_builder":"off","_et_pb_old_content":"","_et_gb_content_width":"","_monsterinsights_skip_tracking":false,"_monsterinsights_sitenote_active":false,"_monsterinsights_sitenote_note":"","_monsterinsights_sitenote_category":0,"footnotes":""},"categories":[131],"tags":[],"class_list":["post-11845","post","type-post","status-publish","format-standard","has-post-thumbnail","hentry","category-le-mot-du-coeur"],"_links":{"self":[{"href":"https:\/\/reseaucompassionnetwork.ca\/fr\/wp-json\/wp\/v2\/posts\/11845","targetHints":{"allow":["GET"]}}],"collection":[{"href":"https:\/\/reseaucompassionnetwork.ca\/fr\/wp-json\/wp\/v2\/posts"}],"about":[{"href":"https:\/\/reseaucompassionnetwork.ca\/fr\/wp-json\/wp\/v2\/types\/post"}],"author":[{"embeddable":true,"href":"https:\/\/reseaucompassionnetwork.ca\/fr\/wp-json\/wp\/v2\/users\/4"}],"replies":[{"embeddable":true,"href":"https:\/\/reseaucompassionnetwork.ca\/fr\/wp-json\/wp\/v2\/comments?post=11845"}],"version-history":[{"count":4,"href":"https:\/\/reseaucompassionnetwork.ca\/fr\/wp-json\/wp\/v2\/posts\/11845\/revisions"}],"predecessor-version":[{"id":11875,"href":"https:\/\/reseaucompassionnetwork.ca\/fr\/wp-json\/wp\/v2\/posts\/11845\/revisions\/11875"}],"wp:featuredmedia":[{"embeddable":true,"href":"https:\/\/reseaucompassionnetwork.ca\/fr\/wp-json\/wp\/v2\/media\/11820"}],"wp:attachment":[{"href":"https:\/\/reseaucompassionnetwork.ca\/fr\/wp-json\/wp\/v2\/media?parent=11845"}],"wp:term":[{"taxonomy":"category","embeddable":true,"href":"https:\/\/reseaucompassionnetwork.ca\/fr\/wp-json\/wp\/v2\/categories?post=11845"},{"taxonomy":"post_tag","embeddable":true,"href":"https:\/\/reseaucompassionnetwork.ca\/fr\/wp-json\/wp\/v2\/tags?post=11845"}],"curies":[{"name":"wp","href":"https:\/\/api.w.org\/{rel}","templated":true}]}}