

{"id":11301,"date":"2022-05-03T15:27:00","date_gmt":"2022-05-03T19:27:00","guid":{"rendered":"https:\/\/reseaucompassionnetwork.ca\/un-evenement-experimental-de-collecte-de-fonds-pour-sara-riel\/"},"modified":"2022-06-03T15:28:27","modified_gmt":"2022-06-03T19:28:27","slug":"un-evenement-experimental-de-collecte-de-fonds-pour-sara-riel","status":"publish","type":"post","link":"https:\/\/reseaucompassionnetwork.ca\/fr\/un-evenement-experimental-de-collecte-de-fonds-pour-sara-riel\/","title":{"rendered":"Un \u00e9v\u00e9nement exp\u00e9rimental de collecte de fonds pour Sara Riel"},"content":{"rendered":"\n<p>Sara Riel organisera l\u2019\u00e9v\u00e9nement Paths to Potential Wellness Walk and Run le 15 mai, au parc Saint-Vital, une collecte de fonds en faveur de la sant\u00e9 mentale et des d\u00e9pendances. Les participants peuvent choisir une option de 5 km, de 10 km ou d\u2019\u00e9quipe, ainsi qu\u2019un parcours de marche.<\/p>\n\n\n\n<p>\u00ab La partie marche est de 2,5 km, et elle sera exp\u00e9rientielle, explique David Stewart, gestionnaire des services de sant\u00e9 mentale et de toxicomanie. \u00bb Le long du chemin, vous vous arr\u00eaterez pour parler aux gens, au personnel et aux participants qui vous aideront tout au long de votre parcours \u2013 \u00e9tablissant ainsi un parall\u00e8le entre plusieurs de nos valeurs \u00e0 Sara Riel et l\u2019\u00e9v\u00e9nement lui-m\u00eame. \u00bb<\/p>\n\n\n\n<p>La mission de Sara Riel est d\u2019offrir aux personnes ayant des probl\u00e8mes de sant\u00e9 mentale, de toxicomanie et de d\u00e9pendance un environnement s\u00fbr, inclusif et engageant, o\u00f9 les besoins autod\u00e9termin\u00e9s sont valoris\u00e9s et o\u00f9 tous sont aid\u00e9s dans leur cheminement pour atteindre leurs objectifs.<\/p>\n\n\n\n<p>Pour en savoir plus sur l\u2019\u00e9v\u00e9nement et s\u2019inscrire, visitez : <a href=\"https:\/\/sarariel.ca\/get-involved\/current-fundraisers\/paths-to-potential-wellness-walk-and-run\/\" target=\"_blank\" rel=\"noreferrer noopener\">https:\/\/sarariel.ca\/get-involved\/current-fundraisers\/paths-to-potential-wellness-walk-and-run\/<\/a><\/p>\n","protected":false},"excerpt":{"rendered":"<p>Sara Riel organisera l\u2019\u00e9v\u00e9nement Paths to Potential Wellness Walk and Run le 15 mai, au parc Saint-Vital, une collecte de fonds en faveur de la sant\u00e9 mentale et des d\u00e9pendances. Les participants peuvent choisir une option de 5 km, de 10 km ou d\u2019\u00e9quipe, ainsi qu\u2019un parcours de marche. \u00ab La partie marche est de&hellip; <a class=\"continue\" href=\"https:\/\/reseaucompassionnetwork.ca\/fr\/un-evenement-experimental-de-collecte-de-fonds-pour-sara-riel\/\">Continue Reading<span> Un \u00e9v\u00e9nement exp\u00e9rimental de collecte de fonds pour Sara Riel<\/span><\/a><\/p>\n","protected":false},"author":126,"featured_media":11298,"comment_status":"closed","ping_status":"open","sticky":false,"template":"","format":"standard","meta":{"_et_pb_use_builder":"off","_et_pb_old_content":"","_et_gb_content_width":"","_monsterinsights_skip_tracking":false,"_monsterinsights_sitenote_active":false,"_monsterinsights_sitenote_note":"","_monsterinsights_sitenote_category":0,"footnotes":""},"categories":[121],"tags":[],"class_list":["post-11301","post","type-post","status-publish","format-standard","has-post-thumbnail","hentry","category-sara-riel-fr"],"_links":{"self":[{"href":"https:\/\/reseaucompassionnetwork.ca\/fr\/wp-json\/wp\/v2\/posts\/11301","targetHints":{"allow":["GET"]}}],"collection":[{"href":"https:\/\/reseaucompassionnetwork.ca\/fr\/wp-json\/wp\/v2\/posts"}],"about":[{"href":"https:\/\/reseaucompassionnetwork.ca\/fr\/wp-json\/wp\/v2\/types\/post"}],"author":[{"embeddable":true,"href":"https:\/\/reseaucompassionnetwork.ca\/fr\/wp-json\/wp\/v2\/users\/126"}],"replies":[{"embeddable":true,"href":"https:\/\/reseaucompassionnetwork.ca\/fr\/wp-json\/wp\/v2\/comments?post=11301"}],"version-history":[{"count":2,"href":"https:\/\/reseaucompassionnetwork.ca\/fr\/wp-json\/wp\/v2\/posts\/11301\/revisions"}],"predecessor-version":[{"id":11303,"href":"https:\/\/reseaucompassionnetwork.ca\/fr\/wp-json\/wp\/v2\/posts\/11301\/revisions\/11303"}],"wp:featuredmedia":[{"embeddable":true,"href":"https:\/\/reseaucompassionnetwork.ca\/fr\/wp-json\/wp\/v2\/media\/11298"}],"wp:attachment":[{"href":"https:\/\/reseaucompassionnetwork.ca\/fr\/wp-json\/wp\/v2\/media?parent=11301"}],"wp:term":[{"taxonomy":"category","embeddable":true,"href":"https:\/\/reseaucompassionnetwork.ca\/fr\/wp-json\/wp\/v2\/categories?post=11301"},{"taxonomy":"post_tag","embeddable":true,"href":"https:\/\/reseaucompassionnetwork.ca\/fr\/wp-json\/wp\/v2\/tags?post=11301"}],"curies":[{"name":"wp","href":"https:\/\/api.w.org\/{rel}","templated":true}]}}